{"id":7,"date":"2024-04-02T11:15:10","date_gmt":"2024-04-02T14:15:10","guid":{"rendered":"https:\/\/fphv.org\/?p=2093"},"modified":"2024-04-02T11:15:10","modified_gmt":"2024-04-02T14:15:10","slug":"2-de-abril-dia-del-veterano-y-de-los-caidos-en-la-guerra-de-malvinas","status":"publish","type":"post","link":"https:\/\/fphv.org\/?p=7","title":{"rendered":"2 de Abril &#8211; Dia del Veterano y de los Caidos en la guerra de Malvinas"},"content":{"rendered":"\n<p>A 42 a\u00f1os de la Guerra de Malvinas, recordamos con orgullo y empat\u00eda a quienes lucharon para defender nuestra soberan\u00eda \ud83c\udde6\ud83c\uddf7<\/p>\n\n\n\n<p><a href=\"https:\/\/www.instagram.com\/explore\/tags\/fphv\/\">#FPHV<\/a><\/p>\n","protected":false},"excerpt":{"rendered":"<p>A 42 a\u00f1os de la Guerra de Malvinas, recordamos con orgullo y empat\u00eda a quienes lucharon para defender nuestra soberan\u00eda \ud83c\udde6\ud83c\uddf7 #FPHV<\/p>\n","protected":false},"author":1,"featured_media":8,"comment_status":"closed","ping_status":"open","sticky":false,"template":"","format":"standard","meta":{"footnotes":""},"categories":[2],"tags":[],"class_list":["post-7","post","type-post","status-publish","format-standard","has-post-thumbnail","hentry","category-prensa"],"_links":{"self":[{"href":"https:\/\/fphv.org\/index.php?rest_route=\/wp\/v2\/posts\/7","targetHints":{"allow":["GET"]}}],"collection":[{"href":"https:\/\/fphv.org\/index.php?rest_route=\/wp\/v2\/posts"}],"about":[{"href":"https:\/\/fphv.org\/index.php?rest_route=\/wp\/v2\/types\/post"}],"author":[{"embeddable":true,"href":"https:\/\/fphv.org\/index.php?rest_route=\/wp\/v2\/users\/1"}],"replies":[{"embeddable":true,"href":"https:\/\/fphv.org\/index.php?rest_route=%2Fwp%2Fv2%2Fcomments&post=7"}],"version-history":[{"count":1,"href":"https:\/\/fphv.org\/index.php?rest_route=\/wp\/v2\/posts\/7\/revisions"}],"predecessor-version":[{"id":1019,"href":"https:\/\/fphv.org\/index.php?rest_route=\/wp\/v2\/posts\/7\/revisions\/1019"}],"wp:featuredmedia":[{"embeddable":true,"href":"https:\/\/fphv.org\/index.php?rest_route=\/wp\/v2\/media\/8"}],"wp:attachment":[{"href":"https:\/\/fphv.org\/index.php?rest_route=%2Fwp%2Fv2%2Fmedia&parent=7"}],"wp:term":[{"taxonomy":"category","embeddable":true,"href":"https:\/\/fphv.org\/index.php?rest_route=%2Fwp%2Fv2%2Fcategories&post=7"},{"taxonomy":"post_tag","embeddable":true,"href":"https:\/\/fphv.org\/index.php?rest_route=%2Fwp%2Fv2%2Ftags&post=7"}],"curies":[{"name":"wp","href":"https:\/\/api.w.org\/{rel}","templated":true}]}}