{"id":486,"date":"2022-12-14T11:00:00","date_gmt":"2022-12-14T14:00:00","guid":{"rendered":"https:\/\/fphv.org\/?p=965"},"modified":"2022-12-14T11:00:00","modified_gmt":"2022-12-14T14:00:00","slug":"fphv-presente-en-el-brindis-de-fin-de-ano-del-foro-del-sector-social","status":"publish","type":"post","link":"https:\/\/fphv.org\/?p=486","title":{"rendered":"FPHV PRESENTE EN EL BRINDIS DE FIN DE A\u00d1O DEL FORO DEL SECTOR SOCIAL"},"content":{"rendered":"\n<p>\ud83d\uddd3\ufe0f Este mi\u00e9rcoles 14 de diciembre participamos en el brindis de fin de a\u00f1o del Foro del Sector Social en la Fundaci\u00f3n Mundo Sano de la ciudad de Buenos Aires.<\/p>\n\n\n\n<p>Este encuentro estuvo destinado a las organizaciones miembros del Foro y tuvo como objetivo realizar un balance de la gesti\u00f3n durante este 2022 e informarle a los miembros acerca de los proyectos e iniciativas para el 2023.<\/p>\n\n\n\n<p>En representaci\u00f3n de la FPHV, participaron su directora de Staff, Gabriela Paredes y la Coordinadora de Asuntos Transnacionales, Delfina Bord\u00f3n, quienes compartieron un brindis con el presidente del Foro del Sector Social, Sebasti\u00e1n Ca\u00f1\u00f3n y la vicepresidente del Foro del Sector Social, Mercedes Aranguren y otros miembros de la organizaci\u00f3n.<\/p>\n","protected":false},"excerpt":{"rendered":"<p>\ud83d\uddd3\ufe0f Este mi\u00e9rcoles 14 de diciembre participamos en el brindis de fin de a\u00f1o del Foro del Sector Social en la Fundaci\u00f3n Mundo Sano de la ciudad de Buenos Aires. Este encuentro estuvo destinado a las organizaciones miembros del Foro y tuvo como objetivo realizar un balance de la gesti\u00f3n durante este 2022 e informarle [&hellip;]<\/p>\n","protected":false},"author":2,"featured_media":487,"comment_status":"open","ping_status":"open","sticky":false,"template":"","format":"standard","meta":{"footnotes":""},"categories":[2],"tags":[],"class_list":["post-486","post","type-post","status-publish","format-standard","has-post-thumbnail","hentry","category-prensa"],"_links":{"self":[{"href":"https:\/\/fphv.org\/index.php?rest_route=\/wp\/v2\/posts\/486","targetHints":{"allow":["GET"]}}],"collection":[{"href":"https:\/\/fphv.org\/index.php?rest_route=\/wp\/v2\/posts"}],"about":[{"href":"https:\/\/fphv.org\/index.php?rest_route=\/wp\/v2\/types\/post"}],"author":[{"embeddable":true,"href":"https:\/\/fphv.org\/index.php?rest_route=\/wp\/v2\/users\/2"}],"replies":[{"embeddable":true,"href":"https:\/\/fphv.org\/index.php?rest_route=%2Fwp%2Fv2%2Fcomments&post=486"}],"version-history":[{"count":0,"href":"https:\/\/fphv.org\/index.php?rest_route=\/wp\/v2\/posts\/486\/revisions"}],"wp:featuredmedia":[{"embeddable":true,"href":"https:\/\/fphv.org\/index.php?rest_route=\/wp\/v2\/media\/487"}],"wp:attachment":[{"href":"https:\/\/fphv.org\/index.php?rest_route=%2Fwp%2Fv2%2Fmedia&parent=486"}],"wp:term":[{"taxonomy":"category","embeddable":true,"href":"https:\/\/fphv.org\/index.php?rest_route=%2Fwp%2Fv2%2Fcategories&post=486"},{"taxonomy":"post_tag","embeddable":true,"href":"https:\/\/fphv.org\/index.php?rest_route=%2Fwp%2Fv2%2Ftags&post=486"}],"curies":[{"name":"wp","href":"https:\/\/api.w.org\/{rel}","templated":true}]}}