{"id":482,"date":"2022-12-19T09:00:00","date_gmt":"2022-12-19T12:00:00","guid":{"rendered":"https:\/\/fphv.org\/?p=959"},"modified":"2022-12-19T09:00:00","modified_gmt":"2022-12-19T12:00:00","slug":"llega-la-navidad-a-los-programas-de-economia-social","status":"publish","type":"post","link":"https:\/\/fphv.org\/?p=482","title":{"rendered":"LLEGA LA NAVIDAD A LOS PROGRAMAS DE ECONOM\u00cdA SOCIAL"},"content":{"rendered":"\n<p>Los d\u00edas 22, 23 y 24 de diciembre podes venir a dejar la cartita para Pap\u00e1 Noel a la&nbsp;<a href=\"https:\/\/www.instagram.com\/tiendamanosplatenses\/\">@tiendamanosplatenses<\/a>&nbsp;a partir de las 17hs y tambi\u00e9n sacarte una foto con \u00e9l !!\ud83c\udf85\ud83c\udffc\u2709\ufe0f<\/p>\n\n\n\n<p>Tambi\u00e9n podes encontrar el regalo perfecto para esta Navidad en la&nbsp;<a href=\"https:\/\/www.instagram.com\/feriaartesanalmanos\/\">@feriaartesanalmanos<\/a>&nbsp;\ud83c\udf81<\/p>\n\n\n\n<p>HORARIOS:<\/p>\n\n\n\n<p>\ud83d\udccdLa&nbsp;<a href=\"https:\/\/www.instagram.com\/feriaartesanalmanos\/\">@feriaartesanalmanos<\/a>&nbsp;va a estar abierta este jueves 22, viernes 23 y s\u00e1bado 24 a partir de las 11hs tambi\u00e9n! \ud83d\udd58<\/p>\n\n\n\n<p>\ud83d\udea8Si todav\u00eda no elegiste el regalo, p\u00e1sate por la tienda o la feria! Te esperamos \ud83d\ude09<\/p>\n","protected":false},"excerpt":{"rendered":"<p>Los d\u00edas 22, 23 y 24 de diciembre podes venir a dejar la cartita para Pap\u00e1 Noel a la&nbsp;@tiendamanosplatenses&nbsp;a partir de las 17hs y tambi\u00e9n sacarte una foto con \u00e9l !!\ud83c\udf85\ud83c\udffc\u2709\ufe0f Tambi\u00e9n podes encontrar el regalo perfecto para esta Navidad en la&nbsp;@feriaartesanalmanos&nbsp;\ud83c\udf81 HORARIOS: \ud83d\udccdLa&nbsp;@feriaartesanalmanos&nbsp;va a estar abierta este jueves 22, viernes 23 y s\u00e1bado 24 [&hellip;]<\/p>\n","protected":false},"author":2,"featured_media":483,"comment_status":"open","ping_status":"open","sticky":false,"template":"","format":"standard","meta":{"footnotes":""},"categories":[2],"tags":[],"class_list":["post-482","post","type-post","status-publish","format-standard","has-post-thumbnail","hentry","category-prensa"],"_links":{"self":[{"href":"https:\/\/fphv.org\/index.php?rest_route=\/wp\/v2\/posts\/482","targetHints":{"allow":["GET"]}}],"collection":[{"href":"https:\/\/fphv.org\/index.php?rest_route=\/wp\/v2\/posts"}],"about":[{"href":"https:\/\/fphv.org\/index.php?rest_route=\/wp\/v2\/types\/post"}],"author":[{"embeddable":true,"href":"https:\/\/fphv.org\/index.php?rest_route=\/wp\/v2\/users\/2"}],"replies":[{"embeddable":true,"href":"https:\/\/fphv.org\/index.php?rest_route=%2Fwp%2Fv2%2Fcomments&post=482"}],"version-history":[{"count":0,"href":"https:\/\/fphv.org\/index.php?rest_route=\/wp\/v2\/posts\/482\/revisions"}],"wp:featuredmedia":[{"embeddable":true,"href":"https:\/\/fphv.org\/index.php?rest_route=\/wp\/v2\/media\/483"}],"wp:attachment":[{"href":"https:\/\/fphv.org\/index.php?rest_route=%2Fwp%2Fv2%2Fmedia&parent=482"}],"wp:term":[{"taxonomy":"category","embeddable":true,"href":"https:\/\/fphv.org\/index.php?rest_route=%2Fwp%2Fv2%2Fcategories&post=482"},{"taxonomy":"post_tag","embeddable":true,"href":"https:\/\/fphv.org\/index.php?rest_route=%2Fwp%2Fv2%2Ftags&post=482"}],"curies":[{"name":"wp","href":"https:\/\/api.w.org\/{rel}","templated":true}]}}