{"id":480,"date":"2022-12-22T14:00:00","date_gmt":"2022-12-22T17:00:00","guid":{"rendered":"https:\/\/fphv.org\/?p=956"},"modified":"2022-12-22T14:00:00","modified_gmt":"2022-12-22T17:00:00","slug":"noche-de-los-regalos-y-gala-de-las-vidrieras-en-los-principales-centros-comerciales-de-la-ciudad","status":"publish","type":"post","link":"https:\/\/fphv.org\/?p=480","title":{"rendered":"NOCHE DE LOS REGALOS y GALA DE LAS VIDRIERAS EN LOS PRINCIPALES CENTROS COMERCIALES DE LA CIUDAD"},"content":{"rendered":"\n<p>\ud83d\uddd3 El martes 20 de diciembre se realiz\u00f3 la Noche de los Regalos y la Gala de las Vidrieras en los centros comerciales m\u00e1s importantes de la ciudad de La Plata.<\/p>\n\n\n\n<p>A lo largo de toda la jornada, se realizaron diversas actividades y descuentos m\u00faltiples. Adem\u00e1s, el festejo cont\u00f3 con presencia de comerciantes gastron\u00f3micos, espect\u00e1culos y m\u00fasica, entre otras tantas actividades recreativas que les permiti\u00f3 a los platenses pasar un agradable momento de compra, fomentando la campa\u00f1a del Compre Local en v\u00edsperas de estas fiestas.<\/p>\n\n\n\n<p>A su vez, este evento cont\u00f3 con un monto total de premiaci\u00f3n de 150.000 pesos repartidos entre las mejores vidrieras de los principales centros comerciales de la ciudad adheridos a esta iniciativa.<\/p>\n\n\n\n<p>Tanto en el Centro Comercial de Calle 12 como en el Centro Comercial de Calle 9, 8 y Adyacencias estuvieron presentes el Circuito Urbano Gastron\u00f3mico CUGA, con variados stands y foodtrucks donde el p\u00fablico pudo disfrutar de delicias gastron\u00f3micas, varios artistas musicales y Pap\u00e1 Noel \ud83c\udf54\ud83c\udfb8\ud83c\udf85\ud83c\udffc<\/p>\n\n\n\n<p>\ud83d\udc65 Esta es una iniciativa fue impulsada por las c\u00e1maras: Asociaci\u00f3n Amigos de Calle 12; C\u00e1mara La Plata Oeste; C\u00e1mara Comercial del Centro Platense; C\u00e1mara de Comercio e Industria City Bell; C\u00e1mara Comercial San Carlos; Centro de Comerciantes e Industriales de Avenida 44; OACIS Asociaci\u00f3n de Comercio, Industria y Servicios de Lisandro Olmos; Comerciantes de Meridiano V; C\u00e1mara de Comerciantes de Joaqu\u00edn Gorina; c\u00e1maras miembro del Instituto de Formaci\u00f3n y Promoci\u00f3n del Comercio de la Fundaci\u00f3n Pro Humanae Vitae conjuntamente con la C\u00e1mara Argentina de Comercio, la C\u00e1mara de Comercio Industria y Servicios de La Plata, la Confederaci\u00f3n Econ\u00f3mica de la Provincia de Buenos Aires, la Facultad de Artes de la Universidad Nacional de La Plata y la Municipalidad de La Plata.<\/p>\n","protected":false},"excerpt":{"rendered":"<p>\ud83d\uddd3 El martes 20 de diciembre se realiz\u00f3 la Noche de los Regalos y la Gala de las Vidrieras en los centros comerciales m\u00e1s importantes de la ciudad de La Plata. A lo largo de toda la jornada, se realizaron diversas actividades y descuentos m\u00faltiples. Adem\u00e1s, el festejo cont\u00f3 con presencia de comerciantes gastron\u00f3micos, espect\u00e1culos [&hellip;]<\/p>\n","protected":false},"author":2,"featured_media":481,"comment_status":"open","ping_status":"open","sticky":false,"template":"","format":"standard","meta":{"footnotes":""},"categories":[2],"tags":[],"class_list":["post-480","post","type-post","status-publish","format-standard","has-post-thumbnail","hentry","category-prensa"],"_links":{"self":[{"href":"https:\/\/fphv.org\/index.php?rest_route=\/wp\/v2\/posts\/480","targetHints":{"allow":["GET"]}}],"collection":[{"href":"https:\/\/fphv.org\/index.php?rest_route=\/wp\/v2\/posts"}],"about":[{"href":"https:\/\/fphv.org\/index.php?rest_route=\/wp\/v2\/types\/post"}],"author":[{"embeddable":true,"href":"https:\/\/fphv.org\/index.php?rest_route=\/wp\/v2\/users\/2"}],"replies":[{"embeddable":true,"href":"https:\/\/fphv.org\/index.php?rest_route=%2Fwp%2Fv2%2Fcomments&post=480"}],"version-history":[{"count":0,"href":"https:\/\/fphv.org\/index.php?rest_route=\/wp\/v2\/posts\/480\/revisions"}],"wp:featuredmedia":[{"embeddable":true,"href":"https:\/\/fphv.org\/index.php?rest_route=\/wp\/v2\/media\/481"}],"wp:attachment":[{"href":"https:\/\/fphv.org\/index.php?rest_route=%2Fwp%2Fv2%2Fmedia&parent=480"}],"wp:term":[{"taxonomy":"category","embeddable":true,"href":"https:\/\/fphv.org\/index.php?rest_route=%2Fwp%2Fv2%2Fcategories&post=480"},{"taxonomy":"post_tag","embeddable":true,"href":"https:\/\/fphv.org\/index.php?rest_route=%2Fwp%2Fv2%2Ftags&post=480"}],"curies":[{"name":"wp","href":"https:\/\/api.w.org\/{rel}","templated":true}]}}