{"id":478,"date":"2022-12-23T22:00:00","date_gmt":"2022-12-24T01:00:00","guid":{"rendered":"https:\/\/fphv.org\/?p=939"},"modified":"2022-12-23T22:00:00","modified_gmt":"2022-12-24T01:00:00","slug":"cena-de-fin-de-ano-del-instituto-de-responsabilidad-social-corporativa","status":"publish","type":"post","link":"https:\/\/fphv.org\/?p=478","title":{"rendered":"CENA DE FIN DE A\u00d1O DEL INSTITUTO DE RESPONSABILIDAD SOCIAL CORPORATIVA"},"content":{"rendered":"\n<p>\ud83d\udcc5 El mi\u00e9rcoles 21 de diciembre se realiz\u00f3 en la sede de la Fundaci\u00f3n Pro Humanae Vitae, la cena de fin de a\u00f1o del Instituto de Responsabilidad Social Corporativa de la FPHV encabezada por los principales referentes empresarios de nuestra ciudad.<\/p>\n\n\n\n<p>Del encuentro participaron, el presidente de la FPHV, Rafael Vel\u00e1zquez; Marcelo Mancuso, presidente de la C\u00e1mara La Plata Oeste; Claudio Moretto, presidente de Grupo Moretto; Walter Mastropietro, presidente de la Empresa Nueve de Julio; Mart\u00edn Ranea, presidente de la Asociaci\u00f3n Amigos de Calle Doce; Mart\u00edn Bizet, gerente comercial de la C\u00e1mara de Comercio e Industria de City Bell, Mat\u00edas Picci, presidente de la C\u00e1mara de Comerciantes e Industriales de Avenida 44; David Serna y Gustavo Etchanch\u00fa de Grupo POSE; Jorge Gibert, CEO de Estudio Gibert; asi tambi\u00e9n acompa\u00f1aron Pablo Shur, presidente de COLPO SRL; Orlando Fletas, CEO de Veolia Argentina y Claudio Di Rocco.<\/p>\n\n\n\n<p>En este encuentro se convers\u00f3 acerca de las iniciativas y el trabajo en conjunto llevado a cabo por el Instituto durante el 2022, proyectando nuevos objetivos para el 2023 en pos de continuar trabajando por el desarrollo sostenible, la inclusi\u00f3n, la formaci\u00f3n y la generaci\u00f3n de trabajo en nuestra regi\u00f3n.<\/p>\n","protected":false},"excerpt":{"rendered":"<p>\ud83d\udcc5 El mi\u00e9rcoles 21 de diciembre se realiz\u00f3 en la sede de la Fundaci\u00f3n Pro Humanae Vitae, la cena de fin de a\u00f1o del Instituto de Responsabilidad Social Corporativa de la FPHV encabezada por los principales referentes empresarios de nuestra ciudad. Del encuentro participaron, el presidente de la FPHV, Rafael Vel\u00e1zquez; Marcelo Mancuso, presidente de [&hellip;]<\/p>\n","protected":false},"author":2,"featured_media":479,"comment_status":"open","ping_status":"open","sticky":false,"template":"","format":"standard","meta":{"footnotes":""},"categories":[2],"tags":[],"class_list":["post-478","post","type-post","status-publish","format-standard","has-post-thumbnail","hentry","category-prensa"],"_links":{"self":[{"href":"https:\/\/fphv.org\/index.php?rest_route=\/wp\/v2\/posts\/478","targetHints":{"allow":["GET"]}}],"collection":[{"href":"https:\/\/fphv.org\/index.php?rest_route=\/wp\/v2\/posts"}],"about":[{"href":"https:\/\/fphv.org\/index.php?rest_route=\/wp\/v2\/types\/post"}],"author":[{"embeddable":true,"href":"https:\/\/fphv.org\/index.php?rest_route=\/wp\/v2\/users\/2"}],"replies":[{"embeddable":true,"href":"https:\/\/fphv.org\/index.php?rest_route=%2Fwp%2Fv2%2Fcomments&post=478"}],"version-history":[{"count":0,"href":"https:\/\/fphv.org\/index.php?rest_route=\/wp\/v2\/posts\/478\/revisions"}],"wp:featuredmedia":[{"embeddable":true,"href":"https:\/\/fphv.org\/index.php?rest_route=\/wp\/v2\/media\/479"}],"wp:attachment":[{"href":"https:\/\/fphv.org\/index.php?rest_route=%2Fwp%2Fv2%2Fmedia&parent=478"}],"wp:term":[{"taxonomy":"category","embeddable":true,"href":"https:\/\/fphv.org\/index.php?rest_route=%2Fwp%2Fv2%2Fcategories&post=478"},{"taxonomy":"post_tag","embeddable":true,"href":"https:\/\/fphv.org\/index.php?rest_route=%2Fwp%2Fv2%2Ftags&post=478"}],"curies":[{"name":"wp","href":"https:\/\/api.w.org\/{rel}","templated":true}]}}