{"id":470,"date":"2023-02-23T09:00:00","date_gmt":"2023-02-23T12:00:00","guid":{"rendered":"https:\/\/fphv.org\/?p=927"},"modified":"2023-02-23T09:00:00","modified_gmt":"2023-02-23T12:00:00","slug":"fphv-presente-en-el-evento-paralelo-de-fundacion-paz-global-y-ecosoc","status":"publish","type":"post","link":"https:\/\/fphv.org\/?p=470","title":{"rendered":"FPHV PRESENTE EN EL EVENTO PARALELO DE FUNDACI\u00d3N PAZ GLOBAL Y ECOSOC"},"content":{"rendered":"\n<p>El 31 de enero nuestra Coordinadora de Posicionamiento Estrat\u00e9gico Interno, Delfina Bord\u00f3n, particip\u00f3 del evento Paralelo organizado por la Fundaci\u00f3n Paz Global y ECOSOC \u201cAcelerar la recuperaci\u00f3n de la enfermedad por coronavirus y la plena activaci\u00f3n de la Agenda 2030 para el Desarrollo Sostenible en todos los niveles\u201d.<\/p>\n\n\n\n<p>En la cual se convers\u00f3 c\u00f3mo afrontar esta crisis desde distintos puntos, como educaci\u00f3n, iniciativa empresarial, mercado de trabajo de j\u00f3venes, retos medioambientales y desigualdad de g\u00e9nero.<\/p>\n","protected":false},"excerpt":{"rendered":"<p>El 31 de enero nuestra Coordinadora de Posicionamiento Estrat\u00e9gico Interno, Delfina Bord\u00f3n, particip\u00f3 del evento Paralelo organizado por la Fundaci\u00f3n Paz Global y ECOSOC \u201cAcelerar la recuperaci\u00f3n de la enfermedad por coronavirus y la plena activaci\u00f3n de la Agenda 2030 para el Desarrollo Sostenible en todos los niveles\u201d. En la cual se convers\u00f3 c\u00f3mo afrontar [&hellip;]<\/p>\n","protected":false},"author":2,"featured_media":471,"comment_status":"open","ping_status":"open","sticky":false,"template":"","format":"standard","meta":{"footnotes":""},"categories":[2],"tags":[],"class_list":["post-470","post","type-post","status-publish","format-standard","has-post-thumbnail","hentry","category-prensa"],"_links":{"self":[{"href":"https:\/\/fphv.org\/index.php?rest_route=\/wp\/v2\/posts\/470","targetHints":{"allow":["GET"]}}],"collection":[{"href":"https:\/\/fphv.org\/index.php?rest_route=\/wp\/v2\/posts"}],"about":[{"href":"https:\/\/fphv.org\/index.php?rest_route=\/wp\/v2\/types\/post"}],"author":[{"embeddable":true,"href":"https:\/\/fphv.org\/index.php?rest_route=\/wp\/v2\/users\/2"}],"replies":[{"embeddable":true,"href":"https:\/\/fphv.org\/index.php?rest_route=%2Fwp%2Fv2%2Fcomments&post=470"}],"version-history":[{"count":0,"href":"https:\/\/fphv.org\/index.php?rest_route=\/wp\/v2\/posts\/470\/revisions"}],"wp:featuredmedia":[{"embeddable":true,"href":"https:\/\/fphv.org\/index.php?rest_route=\/wp\/v2\/media\/471"}],"wp:attachment":[{"href":"https:\/\/fphv.org\/index.php?rest_route=%2Fwp%2Fv2%2Fmedia&parent=470"}],"wp:term":[{"taxonomy":"category","embeddable":true,"href":"https:\/\/fphv.org\/index.php?rest_route=%2Fwp%2Fv2%2Fcategories&post=470"},{"taxonomy":"post_tag","embeddable":true,"href":"https:\/\/fphv.org\/index.php?rest_route=%2Fwp%2Fv2%2Ftags&post=470"}],"curies":[{"name":"wp","href":"https:\/\/api.w.org\/{rel}","templated":true}]}}