{"id":464,"date":"2023-03-09T10:00:00","date_gmt":"2023-03-09T13:00:00","guid":{"rendered":"https:\/\/fphv.org\/?p=918"},"modified":"2023-03-09T10:00:00","modified_gmt":"2023-03-09T13:00:00","slug":"encuentro-de-networking-con-el-intendente-julio-garro","status":"publish","type":"post","link":"https:\/\/fphv.org\/?p=464","title":{"rendered":"ENCUENTRO DE NETWORKING CON EL INTENDENTE JULIO GARRO"},"content":{"rendered":"\n<p>Este mi\u00e9rcoles 8 de marzo se realiz\u00f3 en la sede de la Fundaci\u00f3n Pro Humanae Vitae un encuentro de networking con el Intendente Municipal de la ciudad de La Plata, el se\u00f1or Julio Garro y representantes del sector privado de la regi\u00f3n y de las c\u00e1maras comerciales de la ciudad de La Plata, miembros de los Institutos de Responsabilidad Social Corporativa e Instituto de Formaci\u00f3n y Promoci\u00f3n del Comercio de la FPHV.<\/p>\n\n\n\n<p>En el encuentro estuvieron presentes; en el encuentro el presidente de la Fundaci\u00f3n Pro Humanae Vitae, el se\u00f1or Rafael Vel\u00e1zquez y su fundadora Graciela S\u00e1nchez. En representaci\u00f3n del Instituto de Responsabilidad Social Corporativa, Claudio Moretto, presidente de Grupo Moretto; Walter Mastropietro, presidente de la Nueve de Julio SAT; Diego Aguirre, CEO de Construya al Costo; Gustavo Etchanch\u00fa, CEO de Grupo POSE; Sandra Diz y Juan Ignacio Falchi de Cell Play; Pablo Shur CEO de COLPO SRL; Orlando Fletas, gerente de Veolia Argentina; Matias Grazioci, gerente de Acrildur.<br>En representaci\u00f3n del Instituto de Formaci\u00f3n y Promoci\u00f3n del Comercio y las c\u00e1maras comerciales participaron Mart\u00edn Ranea, presidente de la Asociaci\u00f3n Amigos de Calle 12; Marcelo Mancuso, Presidente de la C\u00e1mara La Plata Oeste; Natalia Raciti, Presidenta de la C\u00e1mara Comercial del Centro Platense; Mart\u00edn Bizet, Gerente Comercial de la C\u00e1mara de Comercio e Industria de City Bell y Mat\u00edas Picci, presidente C\u00e1mara de Comerciantes e Industriales de la Avenida 44.<\/p>\n\n\n\n<p>En un ameno encuentro, se convers\u00f3 acerca de la ciudad y su planificaci\u00f3n; as\u00ed tambi\u00e9n acerca de la generaci\u00f3n de m\u00e1s empleos y la coordinaci\u00f3n de una agenda de trabajo en conjunto con ambos Institutos para promover el turismo, la producci\u00f3n, el empleo y el desarrollo de la ciudad.<\/p>\n","protected":false},"excerpt":{"rendered":"<p>Este mi\u00e9rcoles 8 de marzo se realiz\u00f3 en la sede de la Fundaci\u00f3n Pro Humanae Vitae un encuentro de networking con el Intendente Municipal de la ciudad de La Plata, el se\u00f1or Julio Garro y representantes del sector privado de la regi\u00f3n y de las c\u00e1maras comerciales de la ciudad de La Plata, miembros de [&hellip;]<\/p>\n","protected":false},"author":2,"featured_media":465,"comment_status":"open","ping_status":"open","sticky":false,"template":"","format":"standard","meta":{"footnotes":""},"categories":[2],"tags":[],"class_list":["post-464","post","type-post","status-publish","format-standard","has-post-thumbnail","hentry","category-prensa"],"_links":{"self":[{"href":"https:\/\/fphv.org\/index.php?rest_route=\/wp\/v2\/posts\/464","targetHints":{"allow":["GET"]}}],"collection":[{"href":"https:\/\/fphv.org\/index.php?rest_route=\/wp\/v2\/posts"}],"about":[{"href":"https:\/\/fphv.org\/index.php?rest_route=\/wp\/v2\/types\/post"}],"author":[{"embeddable":true,"href":"https:\/\/fphv.org\/index.php?rest_route=\/wp\/v2\/users\/2"}],"replies":[{"embeddable":true,"href":"https:\/\/fphv.org\/index.php?rest_route=%2Fwp%2Fv2%2Fcomments&post=464"}],"version-history":[{"count":0,"href":"https:\/\/fphv.org\/index.php?rest_route=\/wp\/v2\/posts\/464\/revisions"}],"wp:featuredmedia":[{"embeddable":true,"href":"https:\/\/fphv.org\/index.php?rest_route=\/wp\/v2\/media\/465"}],"wp:attachment":[{"href":"https:\/\/fphv.org\/index.php?rest_route=%2Fwp%2Fv2%2Fmedia&parent=464"}],"wp:term":[{"taxonomy":"category","embeddable":true,"href":"https:\/\/fphv.org\/index.php?rest_route=%2Fwp%2Fv2%2Fcategories&post=464"},{"taxonomy":"post_tag","embeddable":true,"href":"https:\/\/fphv.org\/index.php?rest_route=%2Fwp%2Fv2%2Ftags&post=464"}],"curies":[{"name":"wp","href":"https:\/\/api.w.org\/{rel}","templated":true}]}}