{"id":434,"date":"2023-04-11T09:30:00","date_gmt":"2023-04-11T12:30:00","guid":{"rendered":"https:\/\/fphv.org\/?p=876"},"modified":"2023-04-11T09:30:00","modified_gmt":"2023-04-11T12:30:00","slug":"presentacion-del-libro-grupos-vulnerables-y-acceso-a-la-justicia-ninas-ninos-y-adolescentes","status":"publish","type":"post","link":"https:\/\/fphv.org\/?p=434","title":{"rendered":"PRESENTACI\u00d3N DEL LIBRO: GRUPOS VULNERABLES Y ACCESO A LA JUSTICIA. NI\u00d1AS, NI\u00d1OS Y ADOLESCENTES"},"content":{"rendered":"\n<p>Desde el Instituto de la Mujer de la Fundaci\u00f3n Pro Humanae Vitae te invitamos a participar de la presentaci\u00f3n del libro \u201cGrupos vulnerables y acceso a la justicia. Ni\u00f1as, ni\u00f1os y Adolescentes. Cadena de responsabilidades\u201d de Alicia Taliercio.<\/p>\n\n\n\n<p>\ud83d\uddd3\ufe0f Martes 18 de abril<br>\u23f0 18 horas<br>\ud83d\udccd Casa FPHV<\/p>\n","protected":false},"excerpt":{"rendered":"<p>Desde el Instituto de la Mujer de la Fundaci\u00f3n Pro Humanae Vitae te invitamos a participar de la presentaci\u00f3n del libro \u201cGrupos vulnerables y acceso a la justicia. Ni\u00f1as, ni\u00f1os y Adolescentes. Cadena de responsabilidades\u201d de Alicia Taliercio. \ud83d\uddd3\ufe0f Martes 18 de abril\u23f0 18 horas\ud83d\udccd Casa FPHV<\/p>\n","protected":false},"author":2,"featured_media":435,"comment_status":"open","ping_status":"open","sticky":false,"template":"","format":"standard","meta":{"footnotes":""},"categories":[2],"tags":[],"class_list":["post-434","post","type-post","status-publish","format-standard","has-post-thumbnail","hentry","category-prensa"],"_links":{"self":[{"href":"https:\/\/fphv.org\/index.php?rest_route=\/wp\/v2\/posts\/434","targetHints":{"allow":["GET"]}}],"collection":[{"href":"https:\/\/fphv.org\/index.php?rest_route=\/wp\/v2\/posts"}],"about":[{"href":"https:\/\/fphv.org\/index.php?rest_route=\/wp\/v2\/types\/post"}],"author":[{"embeddable":true,"href":"https:\/\/fphv.org\/index.php?rest_route=\/wp\/v2\/users\/2"}],"replies":[{"embeddable":true,"href":"https:\/\/fphv.org\/index.php?rest_route=%2Fwp%2Fv2%2Fcomments&post=434"}],"version-history":[{"count":0,"href":"https:\/\/fphv.org\/index.php?rest_route=\/wp\/v2\/posts\/434\/revisions"}],"wp:featuredmedia":[{"embeddable":true,"href":"https:\/\/fphv.org\/index.php?rest_route=\/wp\/v2\/media\/435"}],"wp:attachment":[{"href":"https:\/\/fphv.org\/index.php?rest_route=%2Fwp%2Fv2%2Fmedia&parent=434"}],"wp:term":[{"taxonomy":"category","embeddable":true,"href":"https:\/\/fphv.org\/index.php?rest_route=%2Fwp%2Fv2%2Fcategories&post=434"},{"taxonomy":"post_tag","embeddable":true,"href":"https:\/\/fphv.org\/index.php?rest_route=%2Fwp%2Fv2%2Ftags&post=434"}],"curies":[{"name":"wp","href":"https:\/\/api.w.org\/{rel}","templated":true}]}}