{"id":430,"date":"2023-04-19T11:00:00","date_gmt":"2023-04-19T14:00:00","guid":{"rendered":"https:\/\/fphv.org\/?p=859"},"modified":"2023-04-19T11:00:00","modified_gmt":"2023-04-19T14:00:00","slug":"el-presidente-de-la-fphv-se-reunion-con-el-presidente-de-la-unlp-martin-lopez-armengol","status":"publish","type":"post","link":"https:\/\/fphv.org\/?p=430","title":{"rendered":"El presidente de la FPHV se reuni\u00f3n con el presidente de la UNLP, Mart\u00edn L\u00f3pez Armengol"},"content":{"rendered":"\n<p>Este martes 18 de abril, el presidente de la Fundaci\u00f3n Pro Humanae Vitae, don Rafael Vel\u00e1zquez se reuni\u00f3 con el presidente de la Universidad Nacional de La Plata, Mart\u00edn L\u00f3pez Armengol, para conversar acerca de los diferentes proyectos de trabajo conjunto entre la Fundaci\u00f3n y la UNLP, repasar la historia a partir de los convenios firmados en gestiones anteriores y potenciar las relaciones futuras para seguir promoviendo a trav\u00e9s de las diferentes \u00e1reas de la Fundaci\u00f3n y de la Universidad desarrollo, prosperidad en base a la vanguardia en el conocimiento, la investigaci\u00f3n y la extensi\u00f3n para el desarrollo.<\/p>\n","protected":false},"excerpt":{"rendered":"<p>Este martes 18 de abril, el presidente de la Fundaci\u00f3n Pro Humanae Vitae, don Rafael Vel\u00e1zquez se reuni\u00f3 con el presidente de la Universidad Nacional de La Plata, Mart\u00edn L\u00f3pez Armengol, para conversar acerca de los diferentes proyectos de trabajo conjunto entre la Fundaci\u00f3n y la UNLP, repasar la historia a partir de los convenios [&hellip;]<\/p>\n","protected":false},"author":2,"featured_media":431,"comment_status":"open","ping_status":"open","sticky":false,"template":"","format":"standard","meta":{"footnotes":""},"categories":[2],"tags":[],"class_list":["post-430","post","type-post","status-publish","format-standard","has-post-thumbnail","hentry","category-prensa"],"_links":{"self":[{"href":"https:\/\/fphv.org\/index.php?rest_route=\/wp\/v2\/posts\/430","targetHints":{"allow":["GET"]}}],"collection":[{"href":"https:\/\/fphv.org\/index.php?rest_route=\/wp\/v2\/posts"}],"about":[{"href":"https:\/\/fphv.org\/index.php?rest_route=\/wp\/v2\/types\/post"}],"author":[{"embeddable":true,"href":"https:\/\/fphv.org\/index.php?rest_route=\/wp\/v2\/users\/2"}],"replies":[{"embeddable":true,"href":"https:\/\/fphv.org\/index.php?rest_route=%2Fwp%2Fv2%2Fcomments&post=430"}],"version-history":[{"count":0,"href":"https:\/\/fphv.org\/index.php?rest_route=\/wp\/v2\/posts\/430\/revisions"}],"wp:featuredmedia":[{"embeddable":true,"href":"https:\/\/fphv.org\/index.php?rest_route=\/wp\/v2\/media\/431"}],"wp:attachment":[{"href":"https:\/\/fphv.org\/index.php?rest_route=%2Fwp%2Fv2%2Fmedia&parent=430"}],"wp:term":[{"taxonomy":"category","embeddable":true,"href":"https:\/\/fphv.org\/index.php?rest_route=%2Fwp%2Fv2%2Fcategories&post=430"},{"taxonomy":"post_tag","embeddable":true,"href":"https:\/\/fphv.org\/index.php?rest_route=%2Fwp%2Fv2%2Ftags&post=430"}],"curies":[{"name":"wp","href":"https:\/\/api.w.org\/{rel}","templated":true}]}}