{"id":428,"date":"2023-04-19T18:30:17","date_gmt":"2023-04-19T21:30:17","guid":{"rendered":"https:\/\/fphv.org\/?p=800"},"modified":"2023-04-19T18:30:17","modified_gmt":"2023-04-19T21:30:17","slug":"instituto-de-educacion-financiera-charla-sobre-como-defender-nuestro-dinero-ante-la-inflacion","status":"publish","type":"post","link":"https:\/\/fphv.org\/?p=428","title":{"rendered":"INSTITUTO DE EDUCACI\u00d3N FINANCIERA: CHARLA SOBRE C\u00d3MO DEFENDER NUESTRO DINERO ANTE LA INFLACI\u00d3N"},"content":{"rendered":"\n<p>El mi\u00e9rcoles 19 de abril se realiz\u00f3 en la sede de la Fundaci\u00f3n Pro Humanae Vitae una charla abierta impulsada por el Instituto de Educaci\u00f3n Financiera.<\/p>\n\n\n\n<p>La charla destinada a emprendedores y Pymes, estuvo a cargo de Luciano Legnoverde, director del Instituto de Educaci\u00f3n Financiera y consulto financiero y consisti\u00f3 en acercar herramientas para defender el poder adquisitivo de las <a><\/a>personas en el contexto econ\u00f3mico actual en nuestro pa\u00eds.<\/p>\n","protected":false},"excerpt":{"rendered":"<p>El mi\u00e9rcoles 19 de abril se realiz\u00f3 en la sede de la Fundaci\u00f3n Pro Humanae Vitae una charla abierta impulsada por el Instituto de Educaci\u00f3n Financiera. La charla destinada a emprendedores y Pymes, estuvo a cargo de Luciano Legnoverde, director del Instituto de Educaci\u00f3n Financiera y consulto financiero y consisti\u00f3 en acercar herramientas para defender [&hellip;]<\/p>\n","protected":false},"author":2,"featured_media":429,"comment_status":"open","ping_status":"open","sticky":false,"template":"","format":"standard","meta":{"footnotes":""},"categories":[2],"tags":[],"class_list":["post-428","post","type-post","status-publish","format-standard","has-post-thumbnail","hentry","category-prensa"],"_links":{"self":[{"href":"https:\/\/fphv.org\/index.php?rest_route=\/wp\/v2\/posts\/428","targetHints":{"allow":["GET"]}}],"collection":[{"href":"https:\/\/fphv.org\/index.php?rest_route=\/wp\/v2\/posts"}],"about":[{"href":"https:\/\/fphv.org\/index.php?rest_route=\/wp\/v2\/types\/post"}],"author":[{"embeddable":true,"href":"https:\/\/fphv.org\/index.php?rest_route=\/wp\/v2\/users\/2"}],"replies":[{"embeddable":true,"href":"https:\/\/fphv.org\/index.php?rest_route=%2Fwp%2Fv2%2Fcomments&post=428"}],"version-history":[{"count":0,"href":"https:\/\/fphv.org\/index.php?rest_route=\/wp\/v2\/posts\/428\/revisions"}],"wp:featuredmedia":[{"embeddable":true,"href":"https:\/\/fphv.org\/index.php?rest_route=\/wp\/v2\/media\/429"}],"wp:attachment":[{"href":"https:\/\/fphv.org\/index.php?rest_route=%2Fwp%2Fv2%2Fmedia&parent=428"}],"wp:term":[{"taxonomy":"category","embeddable":true,"href":"https:\/\/fphv.org\/index.php?rest_route=%2Fwp%2Fv2%2Fcategories&post=428"},{"taxonomy":"post_tag","embeddable":true,"href":"https:\/\/fphv.org\/index.php?rest_route=%2Fwp%2Fv2%2Ftags&post=428"}],"curies":[{"name":"wp","href":"https:\/\/api.w.org\/{rel}","templated":true}]}}