{"id":426,"date":"2023-04-20T18:21:38","date_gmt":"2023-04-20T21:21:38","guid":{"rendered":"https:\/\/fphv.org\/?p=788"},"modified":"2023-04-20T18:21:38","modified_gmt":"2023-04-20T21:21:38","slug":"nueva-edicion-de-tardes-platenses-de-te","status":"publish","type":"post","link":"https:\/\/fphv.org\/?p=426","title":{"rendered":"NUEVA EDICI\u00d3N DE TARDES PLATENSES DE T\u00c9"},"content":{"rendered":"\n<p>Este jueves 20 de abril se realiz\u00f3 una nueva edici\u00f3n del Programa del Instituto de Econom\u00eda Social y Desarrollo Sustentable de la FPHV, Tardes Platenses de T\u00e9.<\/p>\n\n\n\n<p>En esta ocasi\u00f3n la cita tuvo lugar en el Caf\u00e9 Catedral y cont\u00f3 con variedad de degustaci\u00f3n de t\u00e9, catering y la m\u00fasica para disfrutar de una tarde entre amigos. Tambi\u00e9n se cont\u00f3 con la presencia Claudia Condoleo que acompa\u00f1\u00f3 a todos los presente con dos piezas musicales.<\/p>\n","protected":false},"excerpt":{"rendered":"<p>Este jueves 20 de abril se realiz\u00f3 una nueva edici\u00f3n del Programa del Instituto de Econom\u00eda Social y Desarrollo Sustentable de la FPHV, Tardes Platenses de T\u00e9. En esta ocasi\u00f3n la cita tuvo lugar en el Caf\u00e9 Catedral y cont\u00f3 con variedad de degustaci\u00f3n de t\u00e9, catering y la m\u00fasica para disfrutar de una tarde [&hellip;]<\/p>\n","protected":false},"author":2,"featured_media":427,"comment_status":"open","ping_status":"open","sticky":false,"template":"","format":"standard","meta":{"footnotes":""},"categories":[2],"tags":[],"class_list":["post-426","post","type-post","status-publish","format-standard","has-post-thumbnail","hentry","category-prensa"],"_links":{"self":[{"href":"https:\/\/fphv.org\/index.php?rest_route=\/wp\/v2\/posts\/426","targetHints":{"allow":["GET"]}}],"collection":[{"href":"https:\/\/fphv.org\/index.php?rest_route=\/wp\/v2\/posts"}],"about":[{"href":"https:\/\/fphv.org\/index.php?rest_route=\/wp\/v2\/types\/post"}],"author":[{"embeddable":true,"href":"https:\/\/fphv.org\/index.php?rest_route=\/wp\/v2\/users\/2"}],"replies":[{"embeddable":true,"href":"https:\/\/fphv.org\/index.php?rest_route=%2Fwp%2Fv2%2Fcomments&post=426"}],"version-history":[{"count":0,"href":"https:\/\/fphv.org\/index.php?rest_route=\/wp\/v2\/posts\/426\/revisions"}],"wp:featuredmedia":[{"embeddable":true,"href":"https:\/\/fphv.org\/index.php?rest_route=\/wp\/v2\/media\/427"}],"wp:attachment":[{"href":"https:\/\/fphv.org\/index.php?rest_route=%2Fwp%2Fv2%2Fmedia&parent=426"}],"wp:term":[{"taxonomy":"category","embeddable":true,"href":"https:\/\/fphv.org\/index.php?rest_route=%2Fwp%2Fv2%2Fcategories&post=426"},{"taxonomy":"post_tag","embeddable":true,"href":"https:\/\/fphv.org\/index.php?rest_route=%2Fwp%2Fv2%2Ftags&post=426"}],"curies":[{"name":"wp","href":"https:\/\/api.w.org\/{rel}","templated":true}]}}