{"id":422,"date":"2023-04-21T18:26:46","date_gmt":"2023-04-21T21:26:46","guid":{"rendered":"https:\/\/fphv.org\/?p=794"},"modified":"2023-04-21T18:26:46","modified_gmt":"2023-04-21T21:26:46","slug":"importante-delegacion-china-visito-la-ciudad-de-la-plata","status":"publish","type":"post","link":"https:\/\/fphv.org\/?p=422","title":{"rendered":"IMPORTANTE DELEGACI\u00d3N CHINA VISIT\u00d3 LA CIUDAD DE LA PLATA"},"content":{"rendered":"\n<p>Este viernes 21 de abril, visitaron la sede de la Fundaci\u00f3n Pro Humanae Vitae una importante delegaci\u00f3n proveniente de la Rep\u00fablica Popular China, de la ciudad de Tianjin encabezada por Bian Weiguang, director del Departamento de Restauraci\u00f3n Ecol\u00f3gica de la de Secretaria de Planeamiento y Recursos Naturales de la Municipalidad de Tianjin, Gao Mingxing, segundo inspector de la Secretaria de Planeamiento y Recursos <a><\/a>Naturales de la Municipalidad de Tianjin, Fan Bingze, director de la divisi\u00f3n de Econom\u00eda Mar\u00edtima y Planeamiento de la Secretaria de Planeamiento y Recursos Naturales, Yuan Haozheng, director de Xiqing Branch de la Secretaria de Planeamiento y Recursos Naturales de la Municipalidad de Tianjin, Qin Lei director de la Divisi\u00f3n de Topograf\u00eda de la Secretaria de Planeamiento y Recursos Naturales de la Municipalidad de Tianjin.<\/p>\n\n\n\n<p>Esta reuni\u00f3n tuvo por objetivo conversar acerca de las inversiones, el comercio, la producci\u00f3n y la geopol\u00edtica local en cuanto a la capital de la Provincia de Buenos Aires y comenzar a trabajar en futuras inversiones que fomenten el desarrollo de la ciudad. Todo esto se realizar\u00e1 en el marco del Cl\u00faster de Producci\u00f3n, Comercio, Gastronom\u00eda y Turismo para el Desarrollo Local y la Creaci\u00f3n de Empleo, impulsado por el conglomerado de organizaciones de la sociedad civil y el sector privado de la ciudad.<\/p>\n\n\n\n<p>Participaron del encuentro el presidente de la Fundaci\u00f3n Pro Humanae Vitae, Rafael Vel\u00e1zquez; los miembros del Instituto de Formaci\u00f3n y Promoci\u00f3n del Comercio, el presidente de la Asociaci\u00f3n Amigos de Calle 12, Mart\u00edn Ranea; la presidenta de la C\u00e1mara de la C\u00e1mara Comercial del Centro Platense, Natalia Raciti; el presidente de la C\u00e1mara La Plata Oeste, Marcelo Mancuso; el gerente comercial de la C\u00e1mara de Comercio e Industria de City Bell; Mart\u00edn Bizet; tambi\u00e9n particip\u00f3 en representaci\u00f3n de Veolia Argentina, Orlando Fletas; y en representaci\u00f3n de la Municipalidad de La Plata, Fabi\u00e1n Lugli, Secretario de Relaciones Institucionales.<\/p>\n","protected":false},"excerpt":{"rendered":"<p>Este viernes 21 de abril, visitaron la sede de la Fundaci\u00f3n Pro Humanae Vitae una importante delegaci\u00f3n proveniente de la Rep\u00fablica Popular China, de la ciudad de Tianjin encabezada por Bian Weiguang, director del Departamento de Restauraci\u00f3n Ecol\u00f3gica de la de Secretaria de Planeamiento y Recursos Naturales de la Municipalidad de Tianjin, Gao Mingxing, segundo [&hellip;]<\/p>\n","protected":false},"author":2,"featured_media":423,"comment_status":"open","ping_status":"open","sticky":false,"template":"","format":"standard","meta":{"footnotes":""},"categories":[2],"tags":[],"class_list":["post-422","post","type-post","status-publish","format-standard","has-post-thumbnail","hentry","category-prensa"],"_links":{"self":[{"href":"https:\/\/fphv.org\/index.php?rest_route=\/wp\/v2\/posts\/422","targetHints":{"allow":["GET"]}}],"collection":[{"href":"https:\/\/fphv.org\/index.php?rest_route=\/wp\/v2\/posts"}],"about":[{"href":"https:\/\/fphv.org\/index.php?rest_route=\/wp\/v2\/types\/post"}],"author":[{"embeddable":true,"href":"https:\/\/fphv.org\/index.php?rest_route=\/wp\/v2\/users\/2"}],"replies":[{"embeddable":true,"href":"https:\/\/fphv.org\/index.php?rest_route=%2Fwp%2Fv2%2Fcomments&post=422"}],"version-history":[{"count":0,"href":"https:\/\/fphv.org\/index.php?rest_route=\/wp\/v2\/posts\/422\/revisions"}],"wp:featuredmedia":[{"embeddable":true,"href":"https:\/\/fphv.org\/index.php?rest_route=\/wp\/v2\/media\/423"}],"wp:attachment":[{"href":"https:\/\/fphv.org\/index.php?rest_route=%2Fwp%2Fv2%2Fmedia&parent=422"}],"wp:term":[{"taxonomy":"category","embeddable":true,"href":"https:\/\/fphv.org\/index.php?rest_route=%2Fwp%2Fv2%2Fcategories&post=422"},{"taxonomy":"post_tag","embeddable":true,"href":"https:\/\/fphv.org\/index.php?rest_route=%2Fwp%2Fv2%2Ftags&post=422"}],"curies":[{"name":"wp","href":"https:\/\/api.w.org\/{rel}","templated":true}]}}