{"id":420,"date":"2023-04-26T18:18:42","date_gmt":"2023-04-26T21:18:42","guid":{"rendered":"https:\/\/fphv.org\/?p=785"},"modified":"2023-04-26T18:18:42","modified_gmt":"2023-04-26T21:18:42","slug":"presentacion-del-libro-violencia-economica-de-diego-ortiz","status":"publish","type":"post","link":"https:\/\/fphv.org\/?p=420","title":{"rendered":"PRESENTACI\u00d3N DEL LIBRO &#8220;VIOLENCIA ECON\u00d3MICA&#8221; DE DIEGO ORTIZ"},"content":{"rendered":"\n<p>Este lunes 24 de abril se realiz\u00f3 en la sede de la Fundaci\u00f3n Pro Humanae Vitae la presentaci\u00f3n del libro &#8220;Violencia Econ\u00f3mica&#8221; de Diego Ortiz.<\/p>\n\n\n\n<p>La presentaci\u00f3n estuvo a cargo del Instituto de la Mujer, y cont\u00f3 con el testimonio del autor, que bajo la modalidad de taller expuso acerca de los diferentes fallos de casos de familia que se pudieron traducir como violencia econ\u00f3mica, permitiendo tambi\u00e9n reflexionar acerca <a><\/a>de algunas pr\u00e1cticas y situaciones de violencia contra las mujeres.<\/p>\n","protected":false},"excerpt":{"rendered":"<p>Este lunes 24 de abril se realiz\u00f3 en la sede de la Fundaci\u00f3n Pro Humanae Vitae la presentaci\u00f3n del libro &#8220;Violencia Econ\u00f3mica&#8221; de Diego Ortiz. La presentaci\u00f3n estuvo a cargo del Instituto de la Mujer, y cont\u00f3 con el testimonio del autor, que bajo la modalidad de taller expuso acerca de los diferentes fallos de [&hellip;]<\/p>\n","protected":false},"author":2,"featured_media":421,"comment_status":"open","ping_status":"open","sticky":false,"template":"","format":"standard","meta":{"footnotes":""},"categories":[2],"tags":[],"class_list":["post-420","post","type-post","status-publish","format-standard","has-post-thumbnail","hentry","category-prensa"],"_links":{"self":[{"href":"https:\/\/fphv.org\/index.php?rest_route=\/wp\/v2\/posts\/420","targetHints":{"allow":["GET"]}}],"collection":[{"href":"https:\/\/fphv.org\/index.php?rest_route=\/wp\/v2\/posts"}],"about":[{"href":"https:\/\/fphv.org\/index.php?rest_route=\/wp\/v2\/types\/post"}],"author":[{"embeddable":true,"href":"https:\/\/fphv.org\/index.php?rest_route=\/wp\/v2\/users\/2"}],"replies":[{"embeddable":true,"href":"https:\/\/fphv.org\/index.php?rest_route=%2Fwp%2Fv2%2Fcomments&post=420"}],"version-history":[{"count":0,"href":"https:\/\/fphv.org\/index.php?rest_route=\/wp\/v2\/posts\/420\/revisions"}],"wp:featuredmedia":[{"embeddable":true,"href":"https:\/\/fphv.org\/index.php?rest_route=\/wp\/v2\/media\/421"}],"wp:attachment":[{"href":"https:\/\/fphv.org\/index.php?rest_route=%2Fwp%2Fv2%2Fmedia&parent=420"}],"wp:term":[{"taxonomy":"category","embeddable":true,"href":"https:\/\/fphv.org\/index.php?rest_route=%2Fwp%2Fv2%2Fcategories&post=420"},{"taxonomy":"post_tag","embeddable":true,"href":"https:\/\/fphv.org\/index.php?rest_route=%2Fwp%2Fv2%2Ftags&post=420"}],"curies":[{"name":"wp","href":"https:\/\/api.w.org\/{rel}","templated":true}]}}