{"id":418,"date":"2023-05-06T18:17:12","date_gmt":"2023-05-06T21:17:12","guid":{"rendered":"https:\/\/fphv.org\/?p=782"},"modified":"2023-05-06T18:17:12","modified_gmt":"2023-05-06T21:17:12","slug":"entrega-del-premio-a-la-responsabilidad-social-empresaria-en-el-gran-la-plata-edicion-2022","status":"publish","type":"post","link":"https:\/\/fphv.org\/?p=418","title":{"rendered":"ENTREGA DEL PREMIO A LA RESPONSABILIDAD SOCIAL EMPRESARIA EN EL GRAN LA PLATA EDICI\u00d3N 2022"},"content":{"rendered":"\n<p>Este jueves 4 de mayo se realiz\u00f3 en la sede de la Facultad Regional La Plata de la Universidad Tecnol\u00f3gica Nacional, la ceremonia de entrega del Premio a la RSE del Gran La Plata organizado por el equipo de Extensi\u00f3n de la Facultad de Ciencias Econ\u00f3micas de la UNLP, \u201cODS en Movimiento\u201d y el Grupo RESIN de la FRLP \u2013 UTN.<\/p>\n\n\n\n<p>El evento cont\u00f3 con la presencia de autoridades de la Facultad de <a><\/a>Ciencias Econ\u00f3micas, el decano, Eduardo de Giusti; la Secretaria de Extensi\u00f3n, Carla Maroscia y la Mg. Liliana Gal\u00e1n; por parte de la FRLP \u2013 UTN estuvieron presentes, el decano, Luis Ricci, el Secretario de Extensi\u00f3n, Lucas Quesada y el Ing. Sebasti\u00e1n Laguto.<\/p>\n\n\n\n<p>En ese marco, el presidente de la FPHV, Rafael Vel\u00e1zquez, disert\u00f3 acerca de la visi\u00f3n de la RSE impulsada desde la Fundaci\u00f3n Pro Humanae Vitae, haciendo un breve recorrido hist\u00f3rico de las actividades y logros alcanzados dentro del Instituto de Responsabilidad Social Corporativa as\u00ed tambi\u00e9n de un an\u00e1lisis acerca del contexto actual de las empresas regionales en materia de RSE.<\/p>\n\n\n\n<p>El evento finaliz\u00f3 con la entrega de los premios a la RSE en el Gran La Plata, teniendo como ganadores a las empresas: GoodEnergy; Aero y Hospital Italiano y como menciones especiales a EDELAP; Molino Campodonico; Laboratorio D\u2019Agostino Bruno; Marote Dise\u00f1o Responsable y UDEC.<\/p>\n","protected":false},"excerpt":{"rendered":"<p>Este jueves 4 de mayo se realiz\u00f3 en la sede de la Facultad Regional La Plata de la Universidad Tecnol\u00f3gica Nacional, la ceremonia de entrega del Premio a la RSE del Gran La Plata organizado por el equipo de Extensi\u00f3n de la Facultad de Ciencias Econ\u00f3micas de la UNLP, \u201cODS en Movimiento\u201d y el Grupo [&hellip;]<\/p>\n","protected":false},"author":2,"featured_media":419,"comment_status":"open","ping_status":"open","sticky":false,"template":"","format":"standard","meta":{"footnotes":""},"categories":[2],"tags":[],"class_list":["post-418","post","type-post","status-publish","format-standard","has-post-thumbnail","hentry","category-prensa"],"_links":{"self":[{"href":"https:\/\/fphv.org\/index.php?rest_route=\/wp\/v2\/posts\/418","targetHints":{"allow":["GET"]}}],"collection":[{"href":"https:\/\/fphv.org\/index.php?rest_route=\/wp\/v2\/posts"}],"about":[{"href":"https:\/\/fphv.org\/index.php?rest_route=\/wp\/v2\/types\/post"}],"author":[{"embeddable":true,"href":"https:\/\/fphv.org\/index.php?rest_route=\/wp\/v2\/users\/2"}],"replies":[{"embeddable":true,"href":"https:\/\/fphv.org\/index.php?rest_route=%2Fwp%2Fv2%2Fcomments&post=418"}],"version-history":[{"count":0,"href":"https:\/\/fphv.org\/index.php?rest_route=\/wp\/v2\/posts\/418\/revisions"}],"wp:featuredmedia":[{"embeddable":true,"href":"https:\/\/fphv.org\/index.php?rest_route=\/wp\/v2\/media\/419"}],"wp:attachment":[{"href":"https:\/\/fphv.org\/index.php?rest_route=%2Fwp%2Fv2%2Fmedia&parent=418"}],"wp:term":[{"taxonomy":"category","embeddable":true,"href":"https:\/\/fphv.org\/index.php?rest_route=%2Fwp%2Fv2%2Fcategories&post=418"},{"taxonomy":"post_tag","embeddable":true,"href":"https:\/\/fphv.org\/index.php?rest_route=%2Fwp%2Fv2%2Ftags&post=418"}],"curies":[{"name":"wp","href":"https:\/\/api.w.org\/{rel}","templated":true}]}}