{"id":416,"date":"2023-05-14T18:13:47","date_gmt":"2023-05-14T21:13:47","guid":{"rendered":"https:\/\/fphv.org\/?p=772"},"modified":"2023-05-14T18:13:47","modified_gmt":"2023-05-14T21:13:47","slug":"84-aniversario-de-la-federacion-de-instituciones","status":"publish","type":"post","link":"https:\/\/fphv.org\/?p=416","title":{"rendered":"84 ANIVERSARIO DE LA FEDERACI\u00d3N DE INSTITUCIONES"},"content":{"rendered":"\n<p>Este viernes 12 de mayo se realiz\u00f3 en el Club Capital Chica la tradicional Cena del Dirigente, celebrando el 84 Aniversario de la Federaci\u00f3n de Instituciones Culturales y Deportivas de La Plata. Este evento fue auspiciado por la Fundaci\u00f3n Pro Humanae Vitae, miembro de la Federaci\u00f3n de Instituciones, como entidad se\u00f1era que nuclea a todas las organizaciones de la sociedad civil de la regi\u00f3n capital de la provincia de Buenos <a><\/a>Aires.<\/p>\n\n\n\n<p>En la cena participaron el presidente de la FPHV, Rafael Vel\u00e1zquez, su fundadora, Graciela S\u00e1nchez junto a los miembros del Instituto de la Nueva Edad de la FPHV, con su directora Sandra Campos, y los miembros Omar Barale, Paula Barale, Fabi\u00e1n Boue y H\u00e9ctor P\u00e9rez. Tambi\u00e9n estuvieron presentes los miembros del Instituto de Formaci\u00f3n y Promoci\u00f3n del Comercio de la FPHV, el presidente de la Asociaci\u00f3n Amigos de Calle 12, Mart\u00edn Ranea; el presidente de la C\u00e1mara La Plata Oeste, Marcelo Mancuso; la presidenta de la C\u00e1mara Comercial del Centro Platense, Natalia Raciti y los miembros de la C\u00e1mara de Comercio e Industria y Servicios de La Plata, Rosalia Dobe y Marcelo Morimanno. Particip\u00f3 tambi\u00e9n por el Instituto de Responsabilidad Social Corporativa, Gustavo Navarro, acompa\u00f1ando al presidente de la Federaci\u00f3n, Alberto Alba y a la comisi\u00f3n directiva en este evento tan importante y de relevancia para la provincia de Buenos Aires y la vida institucional de la sociedad civil.<\/p>\n","protected":false},"excerpt":{"rendered":"<p>Este viernes 12 de mayo se realiz\u00f3 en el Club Capital Chica la tradicional Cena del Dirigente, celebrando el 84 Aniversario de la Federaci\u00f3n de Instituciones Culturales y Deportivas de La Plata. Este evento fue auspiciado por la Fundaci\u00f3n Pro Humanae Vitae, miembro de la Federaci\u00f3n de Instituciones, como entidad se\u00f1era que nuclea a todas [&hellip;]<\/p>\n","protected":false},"author":2,"featured_media":417,"comment_status":"open","ping_status":"open","sticky":false,"template":"","format":"standard","meta":{"footnotes":""},"categories":[2],"tags":[],"class_list":["post-416","post","type-post","status-publish","format-standard","has-post-thumbnail","hentry","category-prensa"],"_links":{"self":[{"href":"https:\/\/fphv.org\/index.php?rest_route=\/wp\/v2\/posts\/416","targetHints":{"allow":["GET"]}}],"collection":[{"href":"https:\/\/fphv.org\/index.php?rest_route=\/wp\/v2\/posts"}],"about":[{"href":"https:\/\/fphv.org\/index.php?rest_route=\/wp\/v2\/types\/post"}],"author":[{"embeddable":true,"href":"https:\/\/fphv.org\/index.php?rest_route=\/wp\/v2\/users\/2"}],"replies":[{"embeddable":true,"href":"https:\/\/fphv.org\/index.php?rest_route=%2Fwp%2Fv2%2Fcomments&post=416"}],"version-history":[{"count":0,"href":"https:\/\/fphv.org\/index.php?rest_route=\/wp\/v2\/posts\/416\/revisions"}],"wp:featuredmedia":[{"embeddable":true,"href":"https:\/\/fphv.org\/index.php?rest_route=\/wp\/v2\/media\/417"}],"wp:attachment":[{"href":"https:\/\/fphv.org\/index.php?rest_route=%2Fwp%2Fv2%2Fmedia&parent=416"}],"wp:term":[{"taxonomy":"category","embeddable":true,"href":"https:\/\/fphv.org\/index.php?rest_route=%2Fwp%2Fv2%2Fcategories&post=416"},{"taxonomy":"post_tag","embeddable":true,"href":"https:\/\/fphv.org\/index.php?rest_route=%2Fwp%2Fv2%2Ftags&post=416"}],"curies":[{"name":"wp","href":"https:\/\/api.w.org\/{rel}","templated":true}]}}