{"id":410,"date":"2023-05-25T18:07:06","date_gmt":"2023-05-25T21:07:06","guid":{"rendered":"https:\/\/fphv.org\/?p=759"},"modified":"2023-05-25T18:07:06","modified_gmt":"2023-05-25T21:07:06","slug":"te-deum-celebracion-de-la-revolucion-de-mayo","status":"publish","type":"post","link":"https:\/\/fphv.org\/?p=410","title":{"rendered":"TE DEUM: CELEBRACI\u00d3N DE LA REVOLUCI\u00d3N DE MAYO"},"content":{"rendered":"\n<p>Este jueves 25 de mayo la Fundaci\u00f3n Pro Humanae Vitae particip\u00f3 del Te Deum en la Catedral de la ciudad en conmemoraci\u00f3n por los 203 a\u00f1os de la Revoluci\u00f3n de Mayo. En representaci\u00f3n de la FPHV, estuvieron presentes su presidente Rafael Vel\u00e1zquez y la fundadora, Graciela S\u00e1nchez.<\/p>\n","protected":false},"excerpt":{"rendered":"<p>Este jueves 25 de mayo la Fundaci\u00f3n Pro Humanae Vitae particip\u00f3 del Te Deum en la Catedral de la ciudad en conmemoraci\u00f3n por los 203 a\u00f1os de la Revoluci\u00f3n de Mayo. En representaci\u00f3n de la FPHV, estuvieron presentes su presidente Rafael Vel\u00e1zquez y la fundadora, Graciela S\u00e1nchez.<\/p>\n","protected":false},"author":2,"featured_media":411,"comment_status":"open","ping_status":"open","sticky":false,"template":"","format":"standard","meta":{"footnotes":""},"categories":[2],"tags":[],"class_list":["post-410","post","type-post","status-publish","format-standard","has-post-thumbnail","hentry","category-prensa"],"_links":{"self":[{"href":"https:\/\/fphv.org\/index.php?rest_route=\/wp\/v2\/posts\/410","targetHints":{"allow":["GET"]}}],"collection":[{"href":"https:\/\/fphv.org\/index.php?rest_route=\/wp\/v2\/posts"}],"about":[{"href":"https:\/\/fphv.org\/index.php?rest_route=\/wp\/v2\/types\/post"}],"author":[{"embeddable":true,"href":"https:\/\/fphv.org\/index.php?rest_route=\/wp\/v2\/users\/2"}],"replies":[{"embeddable":true,"href":"https:\/\/fphv.org\/index.php?rest_route=%2Fwp%2Fv2%2Fcomments&post=410"}],"version-history":[{"count":0,"href":"https:\/\/fphv.org\/index.php?rest_route=\/wp\/v2\/posts\/410\/revisions"}],"wp:featuredmedia":[{"embeddable":true,"href":"https:\/\/fphv.org\/index.php?rest_route=\/wp\/v2\/media\/411"}],"wp:attachment":[{"href":"https:\/\/fphv.org\/index.php?rest_route=%2Fwp%2Fv2%2Fmedia&parent=410"}],"wp:term":[{"taxonomy":"category","embeddable":true,"href":"https:\/\/fphv.org\/index.php?rest_route=%2Fwp%2Fv2%2Fcategories&post=410"},{"taxonomy":"post_tag","embeddable":true,"href":"https:\/\/fphv.org\/index.php?rest_route=%2Fwp%2Fv2%2Ftags&post=410"}],"curies":[{"name":"wp","href":"https:\/\/api.w.org\/{rel}","templated":true}]}}