{"id":408,"date":"2023-05-30T18:03:11","date_gmt":"2023-05-30T21:03:11","guid":{"rendered":"https:\/\/fphv.org\/?p=756"},"modified":"2023-05-30T18:03:11","modified_gmt":"2023-05-30T21:03:11","slug":"gala-de-liderazgo-2023-tercera-edicion","status":"publish","type":"post","link":"https:\/\/fphv.org\/?p=408","title":{"rendered":"GALA DE LIDERAZGO 2023 | TERCERA EDICI\u00d3N"},"content":{"rendered":"\n<p>El jueves 18 de mayo de 2023 la Fundaci\u00f3n Pro Humanae Vitae llev\u00f3 adelante la tercera edici\u00f3n de la Gala de Liderazgo, acompa\u00f1ada por los Institutos de Formaci\u00f3n y Promoci\u00f3n del Comercio y el Instituto de Responsabilidad Social Corporativa.<\/p>\n\n\n\n<p>El evento tuvo lugar en el Sal\u00f3n Vonharv de la Plata y cont\u00f3 con la participaci\u00f3n de los principales l\u00edderes empresariales, colegios profesionales, universidades, representantes del sector privado, federaciones de instituciones, funcionarios pol\u00edticos de nivel municipal, provincial y nacional.<\/p>\n\n\n\n<p>La gala tiene como objetivo brindar un espacio de networking y articulaci\u00f3n p\u00fablico-privada para los actores decisores de la regi\u00f3n capital de la Provincia de Buenos Aires, con el fin de fomentar la inclusi\u00f3n social a trav\u00e9s de la generaci\u00f3n de empleo y educaci\u00f3n de alta calidad.<\/p>\n","protected":false},"excerpt":{"rendered":"<p>El jueves 18 de mayo de 2023 la Fundaci\u00f3n Pro Humanae Vitae llev\u00f3 adelante la tercera edici\u00f3n de la Gala de Liderazgo, acompa\u00f1ada por los Institutos de Formaci\u00f3n y Promoci\u00f3n del Comercio y el Instituto de Responsabilidad Social Corporativa. El evento tuvo lugar en el Sal\u00f3n Vonharv de la Plata y cont\u00f3 con la participaci\u00f3n [&hellip;]<\/p>\n","protected":false},"author":2,"featured_media":409,"comment_status":"open","ping_status":"open","sticky":false,"template":"","format":"standard","meta":{"footnotes":""},"categories":[2],"tags":[],"class_list":["post-408","post","type-post","status-publish","format-standard","has-post-thumbnail","hentry","category-prensa"],"_links":{"self":[{"href":"https:\/\/fphv.org\/index.php?rest_route=\/wp\/v2\/posts\/408","targetHints":{"allow":["GET"]}}],"collection":[{"href":"https:\/\/fphv.org\/index.php?rest_route=\/wp\/v2\/posts"}],"about":[{"href":"https:\/\/fphv.org\/index.php?rest_route=\/wp\/v2\/types\/post"}],"author":[{"embeddable":true,"href":"https:\/\/fphv.org\/index.php?rest_route=\/wp\/v2\/users\/2"}],"replies":[{"embeddable":true,"href":"https:\/\/fphv.org\/index.php?rest_route=%2Fwp%2Fv2%2Fcomments&post=408"}],"version-history":[{"count":0,"href":"https:\/\/fphv.org\/index.php?rest_route=\/wp\/v2\/posts\/408\/revisions"}],"wp:featuredmedia":[{"embeddable":true,"href":"https:\/\/fphv.org\/index.php?rest_route=\/wp\/v2\/media\/409"}],"wp:attachment":[{"href":"https:\/\/fphv.org\/index.php?rest_route=%2Fwp%2Fv2%2Fmedia&parent=408"}],"wp:term":[{"taxonomy":"category","embeddable":true,"href":"https:\/\/fphv.org\/index.php?rest_route=%2Fwp%2Fv2%2Fcategories&post=408"},{"taxonomy":"post_tag","embeddable":true,"href":"https:\/\/fphv.org\/index.php?rest_route=%2Fwp%2Fv2%2Ftags&post=408"}],"curies":[{"name":"wp","href":"https:\/\/api.w.org\/{rel}","templated":true}]}}