{"id":406,"date":"2023-06-01T18:00:58","date_gmt":"2023-06-01T21:00:58","guid":{"rendered":"https:\/\/fphv.org\/?p=753"},"modified":"2023-06-01T18:00:58","modified_gmt":"2023-06-01T21:00:58","slug":"convenio-con-el-circulo-de-periodistas-de-la-provincia-de-buenos-aires-y-la-fundacion-pro-humanae-vitae","status":"publish","type":"post","link":"https:\/\/fphv.org\/?p=406","title":{"rendered":"CONVENIO CON EL C\u00cdRCULO DE PERIODISTAS DE LA PROVINCIA DE BUENOS AIRES Y LA FUNDACI\u00d3N PRO HUMANAE VITAE"},"content":{"rendered":"\n<p>Este jueves 1\u00b0 de junio se realiz\u00f3 la firma de un convenio marco de cooperaci\u00f3n institucional entre la Fundaci\u00f3n Pro Humanae Vitae y el C\u00edrculo de Periodistas de la Provincia de Buenos Aires.<\/p>\n\n\n\n<p>El acto se llev\u00f3 a cabo en la sede del C\u00edrculo de Periodistas, contando con la presencia de autoridades de ambas instituciones, por parte de la FPHV estuvo presente Rafael Vel\u00e1zquez, presidente de la Fundaci\u00f3n y por parte del C\u00edrculo de Periodistas, su presidente Hugo M\u00e1rsico y su tesorero F\u00e9lix Lugones.<\/p>\n\n\n\n<p>Acompa\u00f1aron directores de Institutos de la FPHV, Sandra Campos, directora del Instituto de la Nueva Edad junto a los miembros del INE; Omar Barale; Susana Lassalle; H\u00e9ctor Perez; Mario Mauri y Claudia Romero y los directores del Instituto de Formaci\u00f3n y Promoci\u00f3n del Comercio, Mart\u00edn Ranea, presidente de Asociaci\u00f3n Amigos de Calle 12; Marcelo Mancuso, presidente de la C\u00e1mara La Plata Oeste; Natalia Raciti, presidenta de la C\u00e1mara Comercial del Centro Platense y Mart\u00edn Bizet, gerente comercial de la C\u00e1mara de Comercio e Industria de City Bell, junto a dem\u00e1s miembros de institutos.<\/p>\n\n\n\n<p>Este convenio de cooperaci\u00f3n institucional tiene por objetivo desarrollar actividades en conjunto entre ambas instituciones, entre ellas capacitaciones, cursos y seminarios que fomenten la difusi\u00f3n de los Institutos de la Nueva Edad y de Formaci\u00f3n y Promoci\u00f3n del Comercio, en pos de generar mayor impacto local.<\/p>\n","protected":false},"excerpt":{"rendered":"<p>Este jueves 1\u00b0 de junio se realiz\u00f3 la firma de un convenio marco de cooperaci\u00f3n institucional entre la Fundaci\u00f3n Pro Humanae Vitae y el C\u00edrculo de Periodistas de la Provincia de Buenos Aires. El acto se llev\u00f3 a cabo en la sede del C\u00edrculo de Periodistas, contando con la presencia de autoridades de ambas instituciones, [&hellip;]<\/p>\n","protected":false},"author":2,"featured_media":407,"comment_status":"open","ping_status":"open","sticky":false,"template":"","format":"standard","meta":{"footnotes":""},"categories":[2],"tags":[],"class_list":["post-406","post","type-post","status-publish","format-standard","has-post-thumbnail","hentry","category-prensa"],"_links":{"self":[{"href":"https:\/\/fphv.org\/index.php?rest_route=\/wp\/v2\/posts\/406","targetHints":{"allow":["GET"]}}],"collection":[{"href":"https:\/\/fphv.org\/index.php?rest_route=\/wp\/v2\/posts"}],"about":[{"href":"https:\/\/fphv.org\/index.php?rest_route=\/wp\/v2\/types\/post"}],"author":[{"embeddable":true,"href":"https:\/\/fphv.org\/index.php?rest_route=\/wp\/v2\/users\/2"}],"replies":[{"embeddable":true,"href":"https:\/\/fphv.org\/index.php?rest_route=%2Fwp%2Fv2%2Fcomments&post=406"}],"version-history":[{"count":0,"href":"https:\/\/fphv.org\/index.php?rest_route=\/wp\/v2\/posts\/406\/revisions"}],"wp:featuredmedia":[{"embeddable":true,"href":"https:\/\/fphv.org\/index.php?rest_route=\/wp\/v2\/media\/407"}],"wp:attachment":[{"href":"https:\/\/fphv.org\/index.php?rest_route=%2Fwp%2Fv2%2Fmedia&parent=406"}],"wp:term":[{"taxonomy":"category","embeddable":true,"href":"https:\/\/fphv.org\/index.php?rest_route=%2Fwp%2Fv2%2Fcategories&post=406"},{"taxonomy":"post_tag","embeddable":true,"href":"https:\/\/fphv.org\/index.php?rest_route=%2Fwp%2Fv2%2Ftags&post=406"}],"curies":[{"name":"wp","href":"https:\/\/api.w.org\/{rel}","templated":true}]}}