{"id":404,"date":"2023-06-06T17:57:35","date_gmt":"2023-06-06T20:57:35","guid":{"rendered":"https:\/\/fphv.org\/?p=747"},"modified":"2023-06-06T17:57:35","modified_gmt":"2023-06-06T20:57:35","slug":"inauguracion-de-la-muestra-fotografica-sentires-en-el-colegio-de-la-abogacia-de-la-plata","status":"publish","type":"post","link":"https:\/\/fphv.org\/?p=404","title":{"rendered":"INAUGURACI\u00d3N DE LA MUESTRA FOTOGR\u00c1FICA SENTIRES EN EL COLEGIO DE LA ABOGAC\u00cdA DE LA PLATA"},"content":{"rendered":"\n<p>El lunes 5 de junio se realiz\u00f3 la inauguraci\u00f3n oficial de la muestra fotogr\u00e1fica \u201cSentires\u201d y la exposici\u00f3n de la escultura \u201cAlas de Mariposa: Tu vuelo es mi vuelo\u201d en el Colegio de la Abogac\u00eda de La Plata.<\/p>\n\n\n\n<p>En el acto de inauguraci\u00f3n de la muestra estuvieron presentes, Rosario S\u00e1nchez, presidenta del Colegio de la Abogac\u00eda; Mar\u00eda Donato, directora de la comisi\u00f3n de G\u00e9neros, Diversidades y <a><\/a>Disidencias del Colegio de la Abogac\u00eda; Natalia Raciti, directora del Instituto de la Mujer de la FPHV; la fundadora de la FPHV, Graciela S\u00e1nchez; las artistas pl\u00e1sticas Laura Beatriz de Larena y Norma Noem\u00ed Alarc\u00f3n y la fot\u00f3grafa Luciana Lozano.<\/p>\n\n\n\n<p>Asi tambi\u00e9n estuvieron acompa\u00f1ando las integrantes del Instituto de la Mujer de la FPHV; \u00c9rica P\u00e9rez; Roxana Alcaide y \u00c9rica Romanatti.<\/p>\n\n\n\n<p>Esta actividad impulsada por el Instituto de la Mujer, la C\u00e1mara La Plata Oeste y la Comisi\u00f3n de G\u00e9neros, Diversidades y disidencias del Colegio de la Abogacia, es realizada en el marco de la conmemoraci\u00f3n del 8vo aniversario de Ni Una Menos y pone en im\u00e1genes, sentimientos y sensaciones de mujeres que fueron v\u00edctimas de diferentes formas de violencia. Cabe destacar que la muestra fotogr\u00e1fica podr\u00e1 ser visitada hasta el 30 de junio en el Colegio de Abogacia.<\/p>\n","protected":false},"excerpt":{"rendered":"<p>El lunes 5 de junio se realiz\u00f3 la inauguraci\u00f3n oficial de la muestra fotogr\u00e1fica \u201cSentires\u201d y la exposici\u00f3n de la escultura \u201cAlas de Mariposa: Tu vuelo es mi vuelo\u201d en el Colegio de la Abogac\u00eda de La Plata. En el acto de inauguraci\u00f3n de la muestra estuvieron presentes, Rosario S\u00e1nchez, presidenta del Colegio de la [&hellip;]<\/p>\n","protected":false},"author":2,"featured_media":405,"comment_status":"open","ping_status":"open","sticky":false,"template":"","format":"standard","meta":{"footnotes":""},"categories":[2],"tags":[],"class_list":["post-404","post","type-post","status-publish","format-standard","has-post-thumbnail","hentry","category-prensa"],"_links":{"self":[{"href":"https:\/\/fphv.org\/index.php?rest_route=\/wp\/v2\/posts\/404","targetHints":{"allow":["GET"]}}],"collection":[{"href":"https:\/\/fphv.org\/index.php?rest_route=\/wp\/v2\/posts"}],"about":[{"href":"https:\/\/fphv.org\/index.php?rest_route=\/wp\/v2\/types\/post"}],"author":[{"embeddable":true,"href":"https:\/\/fphv.org\/index.php?rest_route=\/wp\/v2\/users\/2"}],"replies":[{"embeddable":true,"href":"https:\/\/fphv.org\/index.php?rest_route=%2Fwp%2Fv2%2Fcomments&post=404"}],"version-history":[{"count":0,"href":"https:\/\/fphv.org\/index.php?rest_route=\/wp\/v2\/posts\/404\/revisions"}],"wp:featuredmedia":[{"embeddable":true,"href":"https:\/\/fphv.org\/index.php?rest_route=\/wp\/v2\/media\/405"}],"wp:attachment":[{"href":"https:\/\/fphv.org\/index.php?rest_route=%2Fwp%2Fv2%2Fmedia&parent=404"}],"wp:term":[{"taxonomy":"category","embeddable":true,"href":"https:\/\/fphv.org\/index.php?rest_route=%2Fwp%2Fv2%2Fcategories&post=404"},{"taxonomy":"post_tag","embeddable":true,"href":"https:\/\/fphv.org\/index.php?rest_route=%2Fwp%2Fv2%2Ftags&post=404"}],"curies":[{"name":"wp","href":"https:\/\/api.w.org\/{rel}","templated":true}]}}