{"id":402,"date":"2023-06-06T17:59:51","date_gmt":"2023-06-06T20:59:51","guid":{"rendered":"https:\/\/fphv.org\/?p=750"},"modified":"2023-06-06T17:59:51","modified_gmt":"2023-06-06T20:59:51","slug":"reunion-de-la-aht-asociacion-de-hoteles-de-turismo-de-la-republica-argentina-con-centros-comerciales-de-la-ciudad","status":"publish","type":"post","link":"https:\/\/fphv.org\/?p=402","title":{"rendered":"REUNI\u00d3N DE LA AHT \u2013 ASOCIACI\u00d3N DE HOTELES DE TURISMO DE LA REPUBLICA ARGENTINA CON CENTROS COMERCIALES DE LA CIUDAD"},"content":{"rendered":"\n<p>Este jueves 1\u00b0 de junio se reunieron en la sede de la Fundaci\u00f3n Pro Humanae Vitae, los directivos de la Asociaci\u00f3n de Hoteles de Turismo de la Rep\u00fablica Argentina, que nuclean a los hoteles de cuatro y cinco estrellas de todo el pa\u00eds.<\/p>\n\n\n\n<p>Estuvieron presentes en la reuni\u00f3n, el director ejecutivo de la AHT, Franco Di Pasquo y el gerente AHT Interior de la Provincia de <a><\/a>Buenos Aires, Ricardo Mui\u00f1o.<\/p>\n\n\n\n<p>Por parte de los centros comerciales, nucleados en el Instituto de Formaci\u00f3n y Promoci\u00f3n del Comercio participaron, Mart\u00edn Ranea, presidente de la Asociaci\u00f3n Amigos de Calle 12; Natalia Raciti, presidenta de la C\u00e1mara Comercial del Centro Platense; Marcelo Mancuso, presidente de la C\u00e1mara La Plata Oeste y Mart\u00edn Bizet, gerente comercial de la C\u00e1mara de Comercio e Industria de La Plata; asimismo acompa\u00f1aron en la reuni\u00f3n, Daniela Santandrea, directora del Instituto de Gesti\u00f3n P\u00fablica y Turismo y Rafael Vel\u00e1zquez, presidente de la FPHV.<\/p>\n\n\n\n<p>Esta reuni\u00f3n tuvo por obejtivo comenzar a delinear unas iniciativas de trabajo en conjunto entre la AHT, la Fundaci\u00f3n Pro Humanae Vitae y las c\u00e1maras comerciales con el fin de potenciar la actividad tur\u00edstica en la capital de la provincia de Buenos Aires, para generar mayor impacto en los hoteles y en los centros comerciales a cielo abierto de la ciudad.<\/p>\n","protected":false},"excerpt":{"rendered":"<p>Este jueves 1\u00b0 de junio se reunieron en la sede de la Fundaci\u00f3n Pro Humanae Vitae, los directivos de la Asociaci\u00f3n de Hoteles de Turismo de la Rep\u00fablica Argentina, que nuclean a los hoteles de cuatro y cinco estrellas de todo el pa\u00eds. Estuvieron presentes en la reuni\u00f3n, el director ejecutivo de la AHT, Franco [&hellip;]<\/p>\n","protected":false},"author":2,"featured_media":403,"comment_status":"open","ping_status":"open","sticky":false,"template":"","format":"standard","meta":{"footnotes":""},"categories":[2],"tags":[],"class_list":["post-402","post","type-post","status-publish","format-standard","has-post-thumbnail","hentry","category-prensa"],"_links":{"self":[{"href":"https:\/\/fphv.org\/index.php?rest_route=\/wp\/v2\/posts\/402","targetHints":{"allow":["GET"]}}],"collection":[{"href":"https:\/\/fphv.org\/index.php?rest_route=\/wp\/v2\/posts"}],"about":[{"href":"https:\/\/fphv.org\/index.php?rest_route=\/wp\/v2\/types\/post"}],"author":[{"embeddable":true,"href":"https:\/\/fphv.org\/index.php?rest_route=\/wp\/v2\/users\/2"}],"replies":[{"embeddable":true,"href":"https:\/\/fphv.org\/index.php?rest_route=%2Fwp%2Fv2%2Fcomments&post=402"}],"version-history":[{"count":0,"href":"https:\/\/fphv.org\/index.php?rest_route=\/wp\/v2\/posts\/402\/revisions"}],"wp:featuredmedia":[{"embeddable":true,"href":"https:\/\/fphv.org\/index.php?rest_route=\/wp\/v2\/media\/403"}],"wp:attachment":[{"href":"https:\/\/fphv.org\/index.php?rest_route=%2Fwp%2Fv2%2Fmedia&parent=402"}],"wp:term":[{"taxonomy":"category","embeddable":true,"href":"https:\/\/fphv.org\/index.php?rest_route=%2Fwp%2Fv2%2Fcategories&post=402"},{"taxonomy":"post_tag","embeddable":true,"href":"https:\/\/fphv.org\/index.php?rest_route=%2Fwp%2Fv2%2Ftags&post=402"}],"curies":[{"name":"wp","href":"https:\/\/api.w.org\/{rel}","templated":true}]}}