{"id":400,"date":"2023-06-07T17:56:16","date_gmt":"2023-06-07T20:56:16","guid":{"rendered":"https:\/\/fphv.org\/?p=744"},"modified":"2023-06-07T17:56:16","modified_gmt":"2023-06-07T20:56:16","slug":"presentacion-del-primer-micro-electrico-de-la-empresa-nueve-de-julio","status":"publish","type":"post","link":"https:\/\/fphv.org\/?p=400","title":{"rendered":"PRESENTACI\u00d3N DEL PRIMER MICRO ELECTRICO DE LA EMPRESA NUEVE DE JULIO"},"content":{"rendered":"\n<p>Este lunes 5 de junio la Empresa Nueve de Julio S.A.T. y la Facultad de Ingenier\u00eda de la UNLP presentaron el resultado del proyecto \u201cMovilidad El\u00e9ctrica\u201d en el marco del D\u00eda Internacional del Medioambiente.<\/p>\n\n\n\n<p><img decoding=\"async\" height=\"16\" width=\"16\" alt=\"\ud83d\udc49\ud83c\udffc\" src=\"https:\/\/static.xx.fbcdn.net\/images\/emoji.php\/v9\/t8d\/1\/16\/1f449_1f3fc.png\">Este proyecto financiado por la Agencia Nacional de Promoci\u00f3n de la Investigaci\u00f3n, el Desarrollo Tecnol\u00f3gico y la Innovaci\u00f3n tiene como objetivo promover la movilidad el\u00e9ctrica y contribuir con los <a><\/a>objetivo de Desarrollo Sostenible de la Agenda 2030.<\/p>\n\n\n\n<p><img decoding=\"async\" height=\"16\" width=\"16\" src=\"https:\/\/static.xx.fbcdn.net\/images\/emoji.php\/v9\/t8d\/1\/16\/1f449_1f3fc.png\" alt=\"\ud83d\udc49\ud83c\udffc\">Desde la Fundaci\u00f3n Pro Humanae Vitae felicitamos a la empresa Nueve de Julio por su compromiso con la sostenibilidad y estamos orgullosos de que se forme parte del Instituto de Responsabilidad Social Corporativa de la Fundaci\u00f3n Pro Humanae Vitae, marcando la vanguardia en calidad de servicio en la regi\u00f3n capital de la provincia de Buenos Aires.<\/p>\n","protected":false},"excerpt":{"rendered":"<p>Este lunes 5 de junio la Empresa Nueve de Julio S.A.T. y la Facultad de Ingenier\u00eda de la UNLP presentaron el resultado del proyecto \u201cMovilidad El\u00e9ctrica\u201d en el marco del D\u00eda Internacional del Medioambiente. Este proyecto financiado por la Agencia Nacional de Promoci\u00f3n de la Investigaci\u00f3n, el Desarrollo Tecnol\u00f3gico y la Innovaci\u00f3n tiene como objetivo [&hellip;]<\/p>\n","protected":false},"author":2,"featured_media":401,"comment_status":"open","ping_status":"open","sticky":false,"template":"","format":"standard","meta":{"footnotes":""},"categories":[2],"tags":[],"class_list":["post-400","post","type-post","status-publish","format-standard","has-post-thumbnail","hentry","category-prensa"],"_links":{"self":[{"href":"https:\/\/fphv.org\/index.php?rest_route=\/wp\/v2\/posts\/400","targetHints":{"allow":["GET"]}}],"collection":[{"href":"https:\/\/fphv.org\/index.php?rest_route=\/wp\/v2\/posts"}],"about":[{"href":"https:\/\/fphv.org\/index.php?rest_route=\/wp\/v2\/types\/post"}],"author":[{"embeddable":true,"href":"https:\/\/fphv.org\/index.php?rest_route=\/wp\/v2\/users\/2"}],"replies":[{"embeddable":true,"href":"https:\/\/fphv.org\/index.php?rest_route=%2Fwp%2Fv2%2Fcomments&post=400"}],"version-history":[{"count":0,"href":"https:\/\/fphv.org\/index.php?rest_route=\/wp\/v2\/posts\/400\/revisions"}],"wp:featuredmedia":[{"embeddable":true,"href":"https:\/\/fphv.org\/index.php?rest_route=\/wp\/v2\/media\/401"}],"wp:attachment":[{"href":"https:\/\/fphv.org\/index.php?rest_route=%2Fwp%2Fv2%2Fmedia&parent=400"}],"wp:term":[{"taxonomy":"category","embeddable":true,"href":"https:\/\/fphv.org\/index.php?rest_route=%2Fwp%2Fv2%2Fcategories&post=400"},{"taxonomy":"post_tag","embeddable":true,"href":"https:\/\/fphv.org\/index.php?rest_route=%2Fwp%2Fv2%2Ftags&post=400"}],"curies":[{"name":"wp","href":"https:\/\/api.w.org\/{rel}","templated":true}]}}