{"id":398,"date":"2023-06-08T17:53:12","date_gmt":"2023-06-08T20:53:12","guid":{"rendered":"https:\/\/fphv.org\/?p=740"},"modified":"2023-06-08T17:53:12","modified_gmt":"2023-06-08T20:53:12","slug":"coctel-por-el-dia-del-periodista","status":"publish","type":"post","link":"https:\/\/fphv.org\/?p=398","title":{"rendered":"C\u00d3CTEL POR EL D\u00cdA DEL PERIODISTA"},"content":{"rendered":"\n<p>El 7 de junio de 2023 se realiz\u00f3 un coctel en conmemoraci\u00f3n por el D\u00eda del Periodista en la sede de la Fundaci\u00f3n Pro Humanae Vitae.<\/p>\n\n\n\n<p>La noche estuvo dedicada a honrar y reconocer la labor de los periodistas de la ciudad de La Plata y a los integrantes del C\u00edrculo de Periodistas de la Provincia de Buenos Aires. Fue una oportunidad especial para celebrar la dedicaci\u00f3n y el compromiso de los profesionales del periodismo en nuestra sociedad.<\/p>\n\n\n\n<p><a><\/a>En ese marco la FPHV reconoci\u00f3 la importancia de la labor period\u00edstica de los medios en la difusi\u00f3n de las actividades e iniciativas impulsadas por las instituciones locales, siendo tambi\u00e9n una muestra de agradecimiento por la contribuci\u00f3n invaluable que los periodistas realizan para mantener a la sociedad informada y promover la libertad de expresi\u00f3n.<\/p>\n\n\n\n<p>Estuvieron en el evento el presidente de la FPHV, Rafael Vel\u00e1zquez; el presidente del C\u00edrculo de Periodistas de la Provincia de Buenos Aires, Hugo M\u00e1rsico, miembros de la Comisi\u00f3n Directiva del C\u00edrculo, periodistas de medios locales y nacionales as\u00ed tambi\u00e9n representantes del sector privado comercial y empresario.<\/p>\n\n\n\n<p>El evento fue organizado por la Fundaci\u00f3n Pro Humanae Vitae, el C\u00edrculo de Periodistas de la Provincia de Buenos Aires, las c\u00e1maras miembros del Instituto de Formaci\u00f3n y Promoci\u00f3n del Comercio de la FPHV; la Asociaci\u00f3n Amigos de Calle 12, la C\u00e1mara Comercial del Centro Platense, la C\u00e1mara La Plata Oeste, C\u00e1mara de Comercio e Industria de City Bell, C\u00e1mara de Comercio Industria y Servicio, Centro de Comerciantes e Industriales de Avenida 44 y adyacencias, C\u00e1mara Comercial San Carlos, C\u00e1mara de Comerciantes de Joaqu\u00edn Gorina, Comerciantes de Meridiano V y Olmos Asociaci\u00f3n de Comercio, Industria y Servicios.<\/p>\n","protected":false},"excerpt":{"rendered":"<p>El 7 de junio de 2023 se realiz\u00f3 un coctel en conmemoraci\u00f3n por el D\u00eda del Periodista en la sede de la Fundaci\u00f3n Pro Humanae Vitae. La noche estuvo dedicada a honrar y reconocer la labor de los periodistas de la ciudad de La Plata y a los integrantes del C\u00edrculo de Periodistas de la [&hellip;]<\/p>\n","protected":false},"author":2,"featured_media":399,"comment_status":"open","ping_status":"open","sticky":false,"template":"","format":"standard","meta":{"footnotes":""},"categories":[2],"tags":[],"class_list":["post-398","post","type-post","status-publish","format-standard","has-post-thumbnail","hentry","category-prensa"],"_links":{"self":[{"href":"https:\/\/fphv.org\/index.php?rest_route=\/wp\/v2\/posts\/398","targetHints":{"allow":["GET"]}}],"collection":[{"href":"https:\/\/fphv.org\/index.php?rest_route=\/wp\/v2\/posts"}],"about":[{"href":"https:\/\/fphv.org\/index.php?rest_route=\/wp\/v2\/types\/post"}],"author":[{"embeddable":true,"href":"https:\/\/fphv.org\/index.php?rest_route=\/wp\/v2\/users\/2"}],"replies":[{"embeddable":true,"href":"https:\/\/fphv.org\/index.php?rest_route=%2Fwp%2Fv2%2Fcomments&post=398"}],"version-history":[{"count":0,"href":"https:\/\/fphv.org\/index.php?rest_route=\/wp\/v2\/posts\/398\/revisions"}],"wp:featuredmedia":[{"embeddable":true,"href":"https:\/\/fphv.org\/index.php?rest_route=\/wp\/v2\/media\/399"}],"wp:attachment":[{"href":"https:\/\/fphv.org\/index.php?rest_route=%2Fwp%2Fv2%2Fmedia&parent=398"}],"wp:term":[{"taxonomy":"category","embeddable":true,"href":"https:\/\/fphv.org\/index.php?rest_route=%2Fwp%2Fv2%2Fcategories&post=398"},{"taxonomy":"post_tag","embeddable":true,"href":"https:\/\/fphv.org\/index.php?rest_route=%2Fwp%2Fv2%2Ftags&post=398"}],"curies":[{"name":"wp","href":"https:\/\/api.w.org\/{rel}","templated":true}]}}