{"id":392,"date":"2023-06-22T17:50:07","date_gmt":"2023-06-22T20:50:07","guid":{"rendered":"https:\/\/fphv.org\/?p=732"},"modified":"2023-06-22T17:50:07","modified_gmt":"2023-06-22T20:50:07","slug":"presidente-del-movimiento-nacional-pyme-visita-la-fundacion-pro-humanae-vitae","status":"publish","type":"post","link":"https:\/\/fphv.org\/?p=392","title":{"rendered":"PRESIDENTE DEL MOVIMIENTO NACI\u00d3NAL PYME VISITA LA FUNDACI\u00d3N PRO HUMANAE VITAE"},"content":{"rendered":"\n<p>El jueves 15 de junio del 2023, Alejandro Bestani, presidente del Movimiento Nacional Pyme &#8211; MONAPY, acompa\u00f1ado de Sergio Kuda visitaron la sede de la Fundaci\u00f3n Pro Humanae Vitae para reunirse con miembros del Instituto de Formaci\u00f3n y Promoci\u00f3n del Comercio y miembros del Instituto de Responsabilidad Social Corporativa para debatir acerca del proyecto de ley para impulsar el Sistema Nacional <a><\/a>Pyme, teniendo una posibilidad de impacto positivo la generaci\u00f3n de dos millones de empleos.<\/p>\n\n\n\n<p>Por parte de los centros comerciales, nucleados en el Instituto de Formaci\u00f3n y Promoci\u00f3n del Comercio participaron, Mart\u00edn Ranea, presidente de la Asociaci\u00f3n Amigos de Calle 12; Marcelo Mancuso, presidente de la C\u00e1mara La Plata Oeste; Natalia Raciti, presidenta de la C\u00e1mara Comercial del Centro Platense y Mart\u00edn Bizet, gerente comercial de la C\u00e1mara de Comercio e Industria de City Bell; por parte del Instituto de Responsabilidad Social Corporativa, participaron Walter Mastropietro, de la Empresa Nueve de Julio y Sandra Diz de la Empresa Cell Play; asimismo estuvo en la reuni\u00f3n Rafael Vel\u00e1zquez, presidente de la FPHV.<\/p>\n","protected":false},"excerpt":{"rendered":"<p>El jueves 15 de junio del 2023, Alejandro Bestani, presidente del Movimiento Nacional Pyme &#8211; MONAPY, acompa\u00f1ado de Sergio Kuda visitaron la sede de la Fundaci\u00f3n Pro Humanae Vitae para reunirse con miembros del Instituto de Formaci\u00f3n y Promoci\u00f3n del Comercio y miembros del Instituto de Responsabilidad Social Corporativa para debatir acerca del proyecto de [&hellip;]<\/p>\n","protected":false},"author":2,"featured_media":393,"comment_status":"open","ping_status":"open","sticky":false,"template":"","format":"standard","meta":{"footnotes":""},"categories":[2],"tags":[],"class_list":["post-392","post","type-post","status-publish","format-standard","has-post-thumbnail","hentry","category-prensa"],"_links":{"self":[{"href":"https:\/\/fphv.org\/index.php?rest_route=\/wp\/v2\/posts\/392","targetHints":{"allow":["GET"]}}],"collection":[{"href":"https:\/\/fphv.org\/index.php?rest_route=\/wp\/v2\/posts"}],"about":[{"href":"https:\/\/fphv.org\/index.php?rest_route=\/wp\/v2\/types\/post"}],"author":[{"embeddable":true,"href":"https:\/\/fphv.org\/index.php?rest_route=\/wp\/v2\/users\/2"}],"replies":[{"embeddable":true,"href":"https:\/\/fphv.org\/index.php?rest_route=%2Fwp%2Fv2%2Fcomments&post=392"}],"version-history":[{"count":0,"href":"https:\/\/fphv.org\/index.php?rest_route=\/wp\/v2\/posts\/392\/revisions"}],"wp:featuredmedia":[{"embeddable":true,"href":"https:\/\/fphv.org\/index.php?rest_route=\/wp\/v2\/media\/393"}],"wp:attachment":[{"href":"https:\/\/fphv.org\/index.php?rest_route=%2Fwp%2Fv2%2Fmedia&parent=392"}],"wp:term":[{"taxonomy":"category","embeddable":true,"href":"https:\/\/fphv.org\/index.php?rest_route=%2Fwp%2Fv2%2Fcategories&post=392"},{"taxonomy":"post_tag","embeddable":true,"href":"https:\/\/fphv.org\/index.php?rest_route=%2Fwp%2Fv2%2Ftags&post=392"}],"curies":[{"name":"wp","href":"https:\/\/api.w.org\/{rel}","templated":true}]}}