{"id":390,"date":"2023-06-26T17:46:54","date_gmt":"2023-06-26T20:46:54","guid":{"rendered":"https:\/\/fphv.org\/?p=724"},"modified":"2023-06-26T17:46:54","modified_gmt":"2023-06-26T20:46:54","slug":"presentacion-del-instituto-de-la-mujer-en-el-ciclo-de-clinicas-para-socios-del-foro-del-sector-social","status":"publish","type":"post","link":"https:\/\/fphv.org\/?p=390","title":{"rendered":"PRESENTACI\u00d3N DEL INSTITUTO DE LA MUJER EN EL CICLO DE CLINICAS PARA SOCIOS DEL FORO DEL SECTOR SOCIAL"},"content":{"rendered":"\n<p>El jueves 22 de junio la directora del Instituto de la Mujer de la Fundaci\u00f3n Pro Humanae Vitae, Natalia Raciti, brind\u00f3 una presentaci\u00f3n para socios del Foro del Sector Social en su ciclo de cl\u00ednicas.<\/p>\n\n\n\n<p>La charla titulada \u201cTransferencia de buenas pr\u00e1cticas para el empoderamiento y la inclusi\u00f3n en las organizaciones\u201d tuvo por objetivo difundir las experiencias trabajadas durante <a><\/a>estos a\u00f1os en el Insituto de la Mujer, as\u00ed como un breve recorrido acerca de la situaci\u00f3n actual en materia de g\u00e9nero y sus avances, acercando herramientas e interrogantes a los referentes de las organizaciones sociales presentes.<\/p>\n","protected":false},"excerpt":{"rendered":"<p>El jueves 22 de junio la directora del Instituto de la Mujer de la Fundaci\u00f3n Pro Humanae Vitae, Natalia Raciti, brind\u00f3 una presentaci\u00f3n para socios del Foro del Sector Social en su ciclo de cl\u00ednicas. La charla titulada \u201cTransferencia de buenas pr\u00e1cticas para el empoderamiento y la inclusi\u00f3n en las organizaciones\u201d tuvo por objetivo difundir [&hellip;]<\/p>\n","protected":false},"author":2,"featured_media":391,"comment_status":"open","ping_status":"open","sticky":false,"template":"","format":"standard","meta":{"footnotes":""},"categories":[2],"tags":[],"class_list":["post-390","post","type-post","status-publish","format-standard","has-post-thumbnail","hentry","category-prensa"],"_links":{"self":[{"href":"https:\/\/fphv.org\/index.php?rest_route=\/wp\/v2\/posts\/390","targetHints":{"allow":["GET"]}}],"collection":[{"href":"https:\/\/fphv.org\/index.php?rest_route=\/wp\/v2\/posts"}],"about":[{"href":"https:\/\/fphv.org\/index.php?rest_route=\/wp\/v2\/types\/post"}],"author":[{"embeddable":true,"href":"https:\/\/fphv.org\/index.php?rest_route=\/wp\/v2\/users\/2"}],"replies":[{"embeddable":true,"href":"https:\/\/fphv.org\/index.php?rest_route=%2Fwp%2Fv2%2Fcomments&post=390"}],"version-history":[{"count":0,"href":"https:\/\/fphv.org\/index.php?rest_route=\/wp\/v2\/posts\/390\/revisions"}],"wp:featuredmedia":[{"embeddable":true,"href":"https:\/\/fphv.org\/index.php?rest_route=\/wp\/v2\/media\/391"}],"wp:attachment":[{"href":"https:\/\/fphv.org\/index.php?rest_route=%2Fwp%2Fv2%2Fmedia&parent=390"}],"wp:term":[{"taxonomy":"category","embeddable":true,"href":"https:\/\/fphv.org\/index.php?rest_route=%2Fwp%2Fv2%2Fcategories&post=390"},{"taxonomy":"post_tag","embeddable":true,"href":"https:\/\/fphv.org\/index.php?rest_route=%2Fwp%2Fv2%2Ftags&post=390"}],"curies":[{"name":"wp","href":"https:\/\/api.w.org\/{rel}","templated":true}]}}