{"id":386,"date":"2023-06-30T17:40:40","date_gmt":"2023-06-30T20:40:40","guid":{"rendered":"https:\/\/fphv.org\/?p=713"},"modified":"2023-06-30T17:40:40","modified_gmt":"2023-06-30T20:40:40","slug":"presentacion-de-la-academia-de-lideres-poder-y-liderazgo","status":"publish","type":"post","link":"https:\/\/fphv.org\/?p=386","title":{"rendered":"PRESENTACI\u00d3N DE LA ACADEMIA DE LIDERES: PODER Y LIDERAZGO"},"content":{"rendered":"\n<p>Este martes 27 de junio se realiz\u00f3 el primer taller de la Academia de L\u00edderes en la sede de la Fundaci\u00f3n Pro Humanae Vitae.<\/p>\n\n\n\n<p>En esta primera conferencia del programa Academia de L\u00edderes impulsado por los Institutos de Formaci\u00f3n y Promoci\u00f3n del Comercio y el Instituto de Responsabilidad Social Corporativa de la FPHV, tuvo como primer tema el Poder y Liderazgo.<\/p>\n\n\n\n<p>La conferencia estuvo a cargo del presidente de la FPHV, Rafael <a><\/a>Vel\u00e1zquez que acerc\u00f3 conceptos hist\u00f3ricos, pol\u00edticos y sociales acerca de la construcci\u00f3n del poder y liderazgo en los distintos \u00e1mbitos, invitando a todos los presentes a reflexionar acerca de los estilos de liderazgo y conducci\u00f3n de los equipos de trabajo en sus organizaciones.<\/p>\n","protected":false},"excerpt":{"rendered":"<p>Este martes 27 de junio se realiz\u00f3 el primer taller de la Academia de L\u00edderes en la sede de la Fundaci\u00f3n Pro Humanae Vitae. En esta primera conferencia del programa Academia de L\u00edderes impulsado por los Institutos de Formaci\u00f3n y Promoci\u00f3n del Comercio y el Instituto de Responsabilidad Social Corporativa de la FPHV, tuvo como [&hellip;]<\/p>\n","protected":false},"author":2,"featured_media":387,"comment_status":"open","ping_status":"open","sticky":false,"template":"","format":"standard","meta":{"footnotes":""},"categories":[2],"tags":[],"class_list":["post-386","post","type-post","status-publish","format-standard","has-post-thumbnail","hentry","category-prensa"],"_links":{"self":[{"href":"https:\/\/fphv.org\/index.php?rest_route=\/wp\/v2\/posts\/386","targetHints":{"allow":["GET"]}}],"collection":[{"href":"https:\/\/fphv.org\/index.php?rest_route=\/wp\/v2\/posts"}],"about":[{"href":"https:\/\/fphv.org\/index.php?rest_route=\/wp\/v2\/types\/post"}],"author":[{"embeddable":true,"href":"https:\/\/fphv.org\/index.php?rest_route=\/wp\/v2\/users\/2"}],"replies":[{"embeddable":true,"href":"https:\/\/fphv.org\/index.php?rest_route=%2Fwp%2Fv2%2Fcomments&post=386"}],"version-history":[{"count":0,"href":"https:\/\/fphv.org\/index.php?rest_route=\/wp\/v2\/posts\/386\/revisions"}],"wp:featuredmedia":[{"embeddable":true,"href":"https:\/\/fphv.org\/index.php?rest_route=\/wp\/v2\/media\/387"}],"wp:attachment":[{"href":"https:\/\/fphv.org\/index.php?rest_route=%2Fwp%2Fv2%2Fmedia&parent=386"}],"wp:term":[{"taxonomy":"category","embeddable":true,"href":"https:\/\/fphv.org\/index.php?rest_route=%2Fwp%2Fv2%2Fcategories&post=386"},{"taxonomy":"post_tag","embeddable":true,"href":"https:\/\/fphv.org\/index.php?rest_route=%2Fwp%2Fv2%2Ftags&post=386"}],"curies":[{"name":"wp","href":"https:\/\/api.w.org\/{rel}","templated":true}]}}