{"id":384,"date":"2023-07-07T17:35:43","date_gmt":"2023-07-07T20:35:43","guid":{"rendered":"https:\/\/fphv.org\/?p=708"},"modified":"2023-07-07T17:35:43","modified_gmt":"2023-07-07T20:35:43","slug":"instituto-de-la-mujer-charla-hablemos-sobre-ela","status":"publish","type":"post","link":"https:\/\/fphv.org\/?p=384","title":{"rendered":"INSTITUTO DE LA MUJER: CHARLA HABLEMOS SOBRE ELA"},"content":{"rendered":"\n<p>Este jueves 6 de julio se realiz\u00f3 la charla \u201cHablemos sobe ELA\u201d que estuvo a cargo del Instituto de la Mujer de la Fundaci\u00f3n Pro Humanae Vitae.<\/p>\n\n\n\n<p>En este encuentro, participaron como disertantes Dario Ryba, presidente de la Asociaci\u00f3n ELA Argentina y M\u00f3nica Soriano, representante de la Asociaci\u00f3n ELA Argentina en La Plata, quienes dieron a conocer la situaci\u00f3n actual en cuanto a los avances cient\u00edficos y m\u00e9dicos de la Esclerosis <a><\/a>Lateral Amiotr\u00f3fica, destacando la importancia de investigar para encontrar la causa de la enfermedad para detectarla de manera temprana y as\u00ed mejorar la calidad de vida de los pacientes y sus familias.<\/p>\n","protected":false},"excerpt":{"rendered":"<p>Este jueves 6 de julio se realiz\u00f3 la charla \u201cHablemos sobe ELA\u201d que estuvo a cargo del Instituto de la Mujer de la Fundaci\u00f3n Pro Humanae Vitae. En este encuentro, participaron como disertantes Dario Ryba, presidente de la Asociaci\u00f3n ELA Argentina y M\u00f3nica Soriano, representante de la Asociaci\u00f3n ELA Argentina en La Plata, quienes dieron [&hellip;]<\/p>\n","protected":false},"author":2,"featured_media":385,"comment_status":"open","ping_status":"open","sticky":false,"template":"","format":"standard","meta":{"footnotes":""},"categories":[2],"tags":[],"class_list":["post-384","post","type-post","status-publish","format-standard","has-post-thumbnail","hentry","category-prensa"],"_links":{"self":[{"href":"https:\/\/fphv.org\/index.php?rest_route=\/wp\/v2\/posts\/384","targetHints":{"allow":["GET"]}}],"collection":[{"href":"https:\/\/fphv.org\/index.php?rest_route=\/wp\/v2\/posts"}],"about":[{"href":"https:\/\/fphv.org\/index.php?rest_route=\/wp\/v2\/types\/post"}],"author":[{"embeddable":true,"href":"https:\/\/fphv.org\/index.php?rest_route=\/wp\/v2\/users\/2"}],"replies":[{"embeddable":true,"href":"https:\/\/fphv.org\/index.php?rest_route=%2Fwp%2Fv2%2Fcomments&post=384"}],"version-history":[{"count":0,"href":"https:\/\/fphv.org\/index.php?rest_route=\/wp\/v2\/posts\/384\/revisions"}],"wp:featuredmedia":[{"embeddable":true,"href":"https:\/\/fphv.org\/index.php?rest_route=\/wp\/v2\/media\/385"}],"wp:attachment":[{"href":"https:\/\/fphv.org\/index.php?rest_route=%2Fwp%2Fv2%2Fmedia&parent=384"}],"wp:term":[{"taxonomy":"category","embeddable":true,"href":"https:\/\/fphv.org\/index.php?rest_route=%2Fwp%2Fv2%2Fcategories&post=384"},{"taxonomy":"post_tag","embeddable":true,"href":"https:\/\/fphv.org\/index.php?rest_route=%2Fwp%2Fv2%2Ftags&post=384"}],"curies":[{"name":"wp","href":"https:\/\/api.w.org\/{rel}","templated":true}]}}