{"id":382,"date":"2023-07-19T16:38:31","date_gmt":"2023-07-19T19:38:31","guid":{"rendered":"https:\/\/fphv.org\/?p=339"},"modified":"2023-07-19T16:38:31","modified_gmt":"2023-07-19T19:38:31","slug":"reunion-de-empresas-camaras-y-organizaciones-ligadas-al-turismo","status":"publish","type":"post","link":"https:\/\/fphv.org\/?p=382","title":{"rendered":"REUNI\u00d3N DE EMPRESAS, C\u00c1MARAS Y ORGANIZACIONES LIGADAS AL TURISMO"},"content":{"rendered":"\n<p>El martes 18 de julio de 2023 se reunieron en el Hotel Land Plaza de la ciudad de La Plata, representantes de empresas locales, c\u00e1maras comerciales y organizaciones del sector tur\u00edstico.<\/p>\n\n\n\n<p>En la reuni\u00f3n estuvieron presentes Roberto Rodr\u00edguez, presidente de la C\u00e1mara de Turismo de la Provincia de Buenos Aires; Franco Di Pasquo, director ejecutivo de la Asociaci\u00f3n de Hoteles de Turismo de la Rep\u00fablica Argentina AHT; Roberto Klopsch , gerente de Desarrollo de la AHT; Ricardo Mui\u00f1o, gerente AHT de la Provincia de Buenos Aires; y Fabi\u00e1n Latanzio, presidente de la Asociaci\u00f3n de Agencais de Viajes y Turismo de La Plata. Formaron parte del encuentro Agust\u00edn Ferrero, gerente general del Hotel Land Plaza; Daniela Martino, gerente comercial del Hotel Days Inn La Plata y Ana Casas, gerente de operaciones del Hotel Dazzler La Plata.<\/p>\n\n\n\n<p>Acompa\u00f1aron tambi\u00e9n en la reuni\u00f3n, los miembros del Instituto de Formaci\u00f3n y Promoci\u00f3n del Comercio de la Fundaci\u00f3n Pro Humanae Vitae, Mart\u00edn Ranea, presidente de la Asociaci\u00f3n Amigos de Calle 12; Natalia Raciti, presidenta de la C\u00e1mara Comercial del Centro Platense; Mart\u00edn Bizet, gerente comercial de la C\u00e1mara de Comercio de City Bell y Marcelo Mancuso, presidente de la C\u00e1mara La Plata Oeste. Asimismo, estuvo presente en la reuni\u00f3n, el presidente de la FPHV, Rafael Vel\u00e1zquez.<\/p>\n\n\n\n<p>La reuni\u00f3n tuvo como objetivo conversar acerca de la situaci\u00f3n actual del turismo en la ciudad de La Plata, capital de la provincia de Buenos Aires y sus posibilidades de desarrollo y los requerimientos para potenciar la actividad tur\u00edstica teniendo como base el desarrollo econ\u00f3mico y la generaci\u00f3n de empleo.&nbsp;<\/p>\n","protected":false},"excerpt":{"rendered":"<p>El martes 18 de julio de 2023 se reunieron en el Hotel Land Plaza de la ciudad de La Plata, representantes de empresas locales, c\u00e1maras comerciales y organizaciones del sector tur\u00edstico. En la reuni\u00f3n estuvieron presentes Roberto Rodr\u00edguez, presidente de la C\u00e1mara de Turismo de la Provincia de Buenos Aires; Franco Di Pasquo, director ejecutivo [&hellip;]<\/p>\n","protected":false},"author":2,"featured_media":383,"comment_status":"open","ping_status":"open","sticky":false,"template":"","format":"chat","meta":{"footnotes":""},"categories":[2],"tags":[],"class_list":["post-382","post","type-post","status-publish","format-chat","has-post-thumbnail","hentry","category-prensa","post_format-post-format-chat"],"_links":{"self":[{"href":"https:\/\/fphv.org\/index.php?rest_route=\/wp\/v2\/posts\/382","targetHints":{"allow":["GET"]}}],"collection":[{"href":"https:\/\/fphv.org\/index.php?rest_route=\/wp\/v2\/posts"}],"about":[{"href":"https:\/\/fphv.org\/index.php?rest_route=\/wp\/v2\/types\/post"}],"author":[{"embeddable":true,"href":"https:\/\/fphv.org\/index.php?rest_route=\/wp\/v2\/users\/2"}],"replies":[{"embeddable":true,"href":"https:\/\/fphv.org\/index.php?rest_route=%2Fwp%2Fv2%2Fcomments&post=382"}],"version-history":[{"count":0,"href":"https:\/\/fphv.org\/index.php?rest_route=\/wp\/v2\/posts\/382\/revisions"}],"wp:featuredmedia":[{"embeddable":true,"href":"https:\/\/fphv.org\/index.php?rest_route=\/wp\/v2\/media\/383"}],"wp:attachment":[{"href":"https:\/\/fphv.org\/index.php?rest_route=%2Fwp%2Fv2%2Fmedia&parent=382"}],"wp:term":[{"taxonomy":"category","embeddable":true,"href":"https:\/\/fphv.org\/index.php?rest_route=%2Fwp%2Fv2%2Fcategories&post=382"},{"taxonomy":"post_tag","embeddable":true,"href":"https:\/\/fphv.org\/index.php?rest_route=%2Fwp%2Fv2%2Ftags&post=382"}],"curies":[{"name":"wp","href":"https:\/\/api.w.org\/{rel}","templated":true}]}}