{"id":366,"date":"2023-08-12T18:00:00","date_gmt":"2023-08-12T21:00:00","guid":{"rendered":"https:\/\/fphv.org\/?p=1779"},"modified":"2023-08-12T18:00:00","modified_gmt":"2023-08-12T21:00:00","slug":"academia-de-lideres-teatro-para-lideres-y-expresion-corporal","status":"publish","type":"post","link":"https:\/\/fphv.org\/?p=366","title":{"rendered":"Academia de Lideres: Teatro para L\u00edderes y expresi\u00f3n corporal."},"content":{"rendered":"\n<p><\/p>\n\n\n\n<p>Este mi\u00e9rcoles 12 de agosto se realiz\u00f3 en la sede de la Fundaci\u00f3n Pro Humanae Vitae la tercera edici\u00f3n del Programa Academia de L\u00edderes de la FPHV &#8220;Teatro para L\u00edderes y expresi\u00f3n corporal&#8221; a cargo Fabi\u00e1n As\u00eds, quien cuenta con una s\u00f3lida formaci\u00f3n en comunicaci\u00f3n social y dise\u00f1o gr\u00e1fico, adem\u00e1s de una amplia experiencia en teatro como actor, director y dramaturgo.<\/p>\n\n\n\n<p>Fabi\u00e1n As\u00eds comparti\u00f3 t\u00e9cnicas y consejos relacionados con el manejo consciente y expresivo del cuerpo, t\u00e9cnicas de relajaci\u00f3n, desenvolvimiento, espontaneidad y carisma.<br>Adem\u00e1s, se abordaron t\u00e9cnicas para el desarrollo de la voz y la creatividad, lo que sin duda puede ser de gran utilidad para aquellos que desean mejorar sus habilidades de comunicaci\u00f3n y liderazgo en el entorno empresarial y profesional.<\/p>\n\n\n\n<p>Esta tercera edici\u00f3n de la Academia de L\u00edderes de la FPHV tuvo como objetivo brindar herramientas de coaching teatral para l\u00edderes, haciendo foco en el teatro y la expresi\u00f3n corporal como herramientas para el desarrollo de habilidades de liderazgo y comunicaci\u00f3n en un p\u00fablico selecto de emprendedores, comerciantes, j\u00f3venes profesionales.<\/p>\n","protected":false},"excerpt":{"rendered":"<p>Este mi\u00e9rcoles 12 de agosto se realiz\u00f3 en la sede de la Fundaci\u00f3n Pro Humanae Vitae la tercera edici\u00f3n del Programa Academia de L\u00edderes de la FPHV &#8220;Teatro para L\u00edderes y expresi\u00f3n corporal&#8221; a cargo Fabi\u00e1n As\u00eds, quien cuenta con una s\u00f3lida formaci\u00f3n en comunicaci\u00f3n social y dise\u00f1o gr\u00e1fico, adem\u00e1s de una amplia experiencia en [&hellip;]<\/p>\n","protected":false},"author":2,"featured_media":367,"comment_status":"open","ping_status":"open","sticky":false,"template":"","format":"standard","meta":{"footnotes":""},"categories":[2],"tags":[],"class_list":["post-366","post","type-post","status-publish","format-standard","has-post-thumbnail","hentry","category-prensa"],"_links":{"self":[{"href":"https:\/\/fphv.org\/index.php?rest_route=\/wp\/v2\/posts\/366","targetHints":{"allow":["GET"]}}],"collection":[{"href":"https:\/\/fphv.org\/index.php?rest_route=\/wp\/v2\/posts"}],"about":[{"href":"https:\/\/fphv.org\/index.php?rest_route=\/wp\/v2\/types\/post"}],"author":[{"embeddable":true,"href":"https:\/\/fphv.org\/index.php?rest_route=\/wp\/v2\/users\/2"}],"replies":[{"embeddable":true,"href":"https:\/\/fphv.org\/index.php?rest_route=%2Fwp%2Fv2%2Fcomments&post=366"}],"version-history":[{"count":0,"href":"https:\/\/fphv.org\/index.php?rest_route=\/wp\/v2\/posts\/366\/revisions"}],"wp:featuredmedia":[{"embeddable":true,"href":"https:\/\/fphv.org\/index.php?rest_route=\/wp\/v2\/media\/367"}],"wp:attachment":[{"href":"https:\/\/fphv.org\/index.php?rest_route=%2Fwp%2Fv2%2Fmedia&parent=366"}],"wp:term":[{"taxonomy":"category","embeddable":true,"href":"https:\/\/fphv.org\/index.php?rest_route=%2Fwp%2Fv2%2Fcategories&post=366"},{"taxonomy":"post_tag","embeddable":true,"href":"https:\/\/fphv.org\/index.php?rest_route=%2Fwp%2Fv2%2Ftags&post=366"}],"curies":[{"name":"wp","href":"https:\/\/api.w.org\/{rel}","templated":true}]}}