{"id":361,"date":"2023-08-31T12:00:00","date_gmt":"2023-08-31T15:00:00","guid":{"rendered":"https:\/\/fphv.org\/?p=1763"},"modified":"2023-08-31T12:00:00","modified_gmt":"2023-08-31T15:00:00","slug":"academia-de-lideres-economia-y-finanzas-un-enfoque-para-el-exito-empresarial","status":"publish","type":"post","link":"https:\/\/fphv.org\/?p=361","title":{"rendered":"Academia de L\u00edderes: Econom\u00eda y finanzas: Un enfoque para el \u00c9xito Empresarial"},"content":{"rendered":"\n<p><\/p>\n\n\n\n<p>Este mi\u00e9rcoles 30 de agosto se realiz\u00f3 en la sede de la Fundaci\u00f3n Pro Humanae Vitae la segunda edici\u00f3n del Programa Academia de L\u00edderes de la FPHV \u201cEconom\u00eda y finanzas: un enfoque para el \u00c9xito Empresarial\u201d a cargo del Mg en Finanzas y director del Instituto de Educaci\u00f3n Financiera de la FPHV, Luciano Legnoverde.<\/p>\n\n\n\n<p>En una charla para un grupo selecto de empresarios, comerciantes y j\u00f3venes profesionales, el disertante brind\u00f3 herramientas de planificaci\u00f3n y estrategia para tomar mejores decisiones financieras aplicables a sus negocios, proyectos u organizaciones.<\/p>\n","protected":false},"excerpt":{"rendered":"<p>Este mi\u00e9rcoles 30 de agosto se realiz\u00f3 en la sede de la Fundaci\u00f3n Pro Humanae Vitae la segunda edici\u00f3n del Programa Academia de L\u00edderes de la FPHV \u201cEconom\u00eda y finanzas: un enfoque para el \u00c9xito Empresarial\u201d a cargo del Mg en Finanzas y director del Instituto de Educaci\u00f3n Financiera de la FPHV, Luciano Legnoverde. En [&hellip;]<\/p>\n","protected":false},"author":2,"featured_media":362,"comment_status":"open","ping_status":"open","sticky":false,"template":"","format":"standard","meta":{"footnotes":""},"categories":[2],"tags":[],"class_list":["post-361","post","type-post","status-publish","format-standard","has-post-thumbnail","hentry","category-prensa"],"_links":{"self":[{"href":"https:\/\/fphv.org\/index.php?rest_route=\/wp\/v2\/posts\/361","targetHints":{"allow":["GET"]}}],"collection":[{"href":"https:\/\/fphv.org\/index.php?rest_route=\/wp\/v2\/posts"}],"about":[{"href":"https:\/\/fphv.org\/index.php?rest_route=\/wp\/v2\/types\/post"}],"author":[{"embeddable":true,"href":"https:\/\/fphv.org\/index.php?rest_route=\/wp\/v2\/users\/2"}],"replies":[{"embeddable":true,"href":"https:\/\/fphv.org\/index.php?rest_route=%2Fwp%2Fv2%2Fcomments&post=361"}],"version-history":[{"count":0,"href":"https:\/\/fphv.org\/index.php?rest_route=\/wp\/v2\/posts\/361\/revisions"}],"wp:featuredmedia":[{"embeddable":true,"href":"https:\/\/fphv.org\/index.php?rest_route=\/wp\/v2\/media\/362"}],"wp:attachment":[{"href":"https:\/\/fphv.org\/index.php?rest_route=%2Fwp%2Fv2%2Fmedia&parent=361"}],"wp:term":[{"taxonomy":"category","embeddable":true,"href":"https:\/\/fphv.org\/index.php?rest_route=%2Fwp%2Fv2%2Fcategories&post=361"},{"taxonomy":"post_tag","embeddable":true,"href":"https:\/\/fphv.org\/index.php?rest_route=%2Fwp%2Fv2%2Ftags&post=361"}],"curies":[{"name":"wp","href":"https:\/\/api.w.org\/{rel}","templated":true}]}}