{"id":357,"date":"2023-09-07T14:00:00","date_gmt":"2023-09-07T17:00:00","guid":{"rendered":"https:\/\/fphv.org\/?p=1787"},"modified":"2023-09-07T14:00:00","modified_gmt":"2023-09-07T17:00:00","slug":"jornada-de-prevencion-de-suicidio-adolescente-de-global-psy","status":"publish","type":"post","link":"https:\/\/fphv.org\/?p=357","title":{"rendered":"Jornada de Prevenci\u00f3n de Suicidio Adolescente de Global Psy"},"content":{"rendered":"\n<p>El jueves 7 de septiembre de 2023 se realiz\u00f3 en el Edificio Karakachoff la 7ma Edici\u00f3n de la Jornada de Prevenci\u00f3n de Suicidio Adolescente organizado por Global Psy abierta y gratuita a toda la comunidad.<br>En ese marco la Fundaci\u00f3n Pro Humanae Vitae estuvo presente a trav\u00e9s de su presidente, Rafael Vel\u00e1zquez quien particip\u00f3 como disertarte, brindando una charla acerca de la resiliencia en las organizaciones sociales, el rol clave de los dirigentes sociales para contener, articular y transformar la realidad de los sectores vulnerables de la sociedad.<\/p>\n","protected":false},"excerpt":{"rendered":"<p>El jueves 7 de septiembre de 2023 se realiz\u00f3 en el Edificio Karakachoff la 7ma Edici\u00f3n de la Jornada de Prevenci\u00f3n de Suicidio Adolescente organizado por Global Psy abierta y gratuita a toda la comunidad.En ese marco la Fundaci\u00f3n Pro Humanae Vitae estuvo presente a trav\u00e9s de su presidente, Rafael Vel\u00e1zquez quien particip\u00f3 como disertarte, [&hellip;]<\/p>\n","protected":false},"author":2,"featured_media":358,"comment_status":"open","ping_status":"open","sticky":false,"template":"","format":"standard","meta":{"footnotes":""},"categories":[2],"tags":[],"class_list":["post-357","post","type-post","status-publish","format-standard","has-post-thumbnail","hentry","category-prensa"],"_links":{"self":[{"href":"https:\/\/fphv.org\/index.php?rest_route=\/wp\/v2\/posts\/357","targetHints":{"allow":["GET"]}}],"collection":[{"href":"https:\/\/fphv.org\/index.php?rest_route=\/wp\/v2\/posts"}],"about":[{"href":"https:\/\/fphv.org\/index.php?rest_route=\/wp\/v2\/types\/post"}],"author":[{"embeddable":true,"href":"https:\/\/fphv.org\/index.php?rest_route=\/wp\/v2\/users\/2"}],"replies":[{"embeddable":true,"href":"https:\/\/fphv.org\/index.php?rest_route=%2Fwp%2Fv2%2Fcomments&post=357"}],"version-history":[{"count":0,"href":"https:\/\/fphv.org\/index.php?rest_route=\/wp\/v2\/posts\/357\/revisions"}],"wp:featuredmedia":[{"embeddable":true,"href":"https:\/\/fphv.org\/index.php?rest_route=\/wp\/v2\/media\/358"}],"wp:attachment":[{"href":"https:\/\/fphv.org\/index.php?rest_route=%2Fwp%2Fv2%2Fmedia&parent=357"}],"wp:term":[{"taxonomy":"category","embeddable":true,"href":"https:\/\/fphv.org\/index.php?rest_route=%2Fwp%2Fv2%2Fcategories&post=357"},{"taxonomy":"post_tag","embeddable":true,"href":"https:\/\/fphv.org\/index.php?rest_route=%2Fwp%2Fv2%2Ftags&post=357"}],"curies":[{"name":"wp","href":"https:\/\/api.w.org\/{rel}","templated":true}]}}