{"id":355,"date":"2023-09-07T16:00:00","date_gmt":"2023-09-07T19:00:00","guid":{"rendered":"https:\/\/fphv.org\/?p=1770"},"modified":"2023-09-07T16:00:00","modified_gmt":"2023-09-07T19:00:00","slug":"te-invitamos-a-la-7ma-jornada-de-prevencion-del-suicidio-adolescente","status":"publish","type":"post","link":"https:\/\/fphv.org\/?p=355","title":{"rendered":"Te invitamos a la 7ma Jornada de Prevenci\u00f3n del Suicidio Adolescente."},"content":{"rendered":"\n<p><\/p>\n\n\n\n<p>Desde la Fundaci\u00f3n Pro Humanae Vitae te invitamos a participar en la 7\u00ba edici\u00f3n de la Jornada de Prevenci\u00f3n del Suicidio Adolescente.<br>Esta jornada propone un recorrido sobre la prevenci\u00f3n del suicidio adolescente desde diversas voces y miradas.<\/p>\n\n\n\n<p>Fecha: 7 de septiembre<br>Horario: 16:00 a 19:00 h<br>Lugar: Edificio Sergio Karakachoff &#8211; Aula 10, primer piso, UNLP, Calle 48 entre 6 y 7.<\/p>\n\n\n\n<p>\u00a1La entrada es GRATUITA y ABIERTA A TODOS! Adem\u00e1s, los inscritos previamente recibir\u00e1n un CERTIFICADO DE PARTICIPACI\u00d3N de la UNLP.<\/p>\n\n\n\n<p>\u00a1No te lo pierdas! Reg\u00edstrate y sumate a valiosa e interesante jornada!<\/p>\n","protected":false},"excerpt":{"rendered":"<p>Desde la Fundaci\u00f3n Pro Humanae Vitae te invitamos a participar en la 7\u00ba edici\u00f3n de la Jornada de Prevenci\u00f3n del Suicidio Adolescente.Esta jornada propone un recorrido sobre la prevenci\u00f3n del suicidio adolescente desde diversas voces y miradas. Fecha: 7 de septiembreHorario: 16:00 a 19:00 hLugar: Edificio Sergio Karakachoff &#8211; Aula 10, primer piso, UNLP, Calle [&hellip;]<\/p>\n","protected":false},"author":2,"featured_media":356,"comment_status":"open","ping_status":"open","sticky":false,"template":"","format":"standard","meta":{"footnotes":""},"categories":[2],"tags":[],"class_list":["post-355","post","type-post","status-publish","format-standard","has-post-thumbnail","hentry","category-prensa"],"_links":{"self":[{"href":"https:\/\/fphv.org\/index.php?rest_route=\/wp\/v2\/posts\/355","targetHints":{"allow":["GET"]}}],"collection":[{"href":"https:\/\/fphv.org\/index.php?rest_route=\/wp\/v2\/posts"}],"about":[{"href":"https:\/\/fphv.org\/index.php?rest_route=\/wp\/v2\/types\/post"}],"author":[{"embeddable":true,"href":"https:\/\/fphv.org\/index.php?rest_route=\/wp\/v2\/users\/2"}],"replies":[{"embeddable":true,"href":"https:\/\/fphv.org\/index.php?rest_route=%2Fwp%2Fv2%2Fcomments&post=355"}],"version-history":[{"count":0,"href":"https:\/\/fphv.org\/index.php?rest_route=\/wp\/v2\/posts\/355\/revisions"}],"wp:featuredmedia":[{"embeddable":true,"href":"https:\/\/fphv.org\/index.php?rest_route=\/wp\/v2\/media\/356"}],"wp:attachment":[{"href":"https:\/\/fphv.org\/index.php?rest_route=%2Fwp%2Fv2%2Fmedia&parent=355"}],"wp:term":[{"taxonomy":"category","embeddable":true,"href":"https:\/\/fphv.org\/index.php?rest_route=%2Fwp%2Fv2%2Fcategories&post=355"},{"taxonomy":"post_tag","embeddable":true,"href":"https:\/\/fphv.org\/index.php?rest_route=%2Fwp%2Fv2%2Ftags&post=355"}],"curies":[{"name":"wp","href":"https:\/\/api.w.org\/{rel}","templated":true}]}}