{"id":348,"date":"2023-09-15T22:00:00","date_gmt":"2023-09-16T01:00:00","guid":{"rendered":"https:\/\/fphv.org\/?p=1790"},"modified":"2023-09-15T22:00:00","modified_gmt":"2023-09-16T01:00:00","slug":"oratorio-don-bosco-dia-del-nino","status":"publish","type":"post","link":"https:\/\/fphv.org\/?p=348","title":{"rendered":"Oratorio Don Bosco &#8211; D\u00eda del Ni\u00f1o."},"content":{"rendered":"\n<p>Desde la Fundaci\u00f3n Pro Humanae Vitae, estamos sumamente emocionados por ser parte del Oratorio Don Bosco y queremos felicitar a cada uno de ustedes que contribuyeron con su donaci\u00f3n para la celebraci\u00f3n del D\u00eda del Ni\u00f1o.<\/p>\n\n\n\n<p>Gracias a la colaboraci\u00f3n de todos ustedes, estos ni\u00f1os pudieron disfrutar de un D\u00eda del Ni\u00f1o lleno de alegr\u00eda. Les agradecemos por haber transformado los d\u00edas de estos ni\u00f1os en momentos felices, divertidos y llenos de actividades emocionantes.<\/p>\n","protected":false},"excerpt":{"rendered":"<p>Desde la Fundaci\u00f3n Pro Humanae Vitae, estamos sumamente emocionados por ser parte del Oratorio Don Bosco y queremos felicitar a cada uno de ustedes que contribuyeron con su donaci\u00f3n para la celebraci\u00f3n del D\u00eda del Ni\u00f1o. Gracias a la colaboraci\u00f3n de todos ustedes, estos ni\u00f1os pudieron disfrutar de un D\u00eda del Ni\u00f1o lleno de alegr\u00eda. [&hellip;]<\/p>\n","protected":false},"author":2,"featured_media":349,"comment_status":"open","ping_status":"open","sticky":false,"template":"","format":"standard","meta":{"footnotes":""},"categories":[2],"tags":[],"class_list":["post-348","post","type-post","status-publish","format-standard","has-post-thumbnail","hentry","category-prensa"],"_links":{"self":[{"href":"https:\/\/fphv.org\/index.php?rest_route=\/wp\/v2\/posts\/348","targetHints":{"allow":["GET"]}}],"collection":[{"href":"https:\/\/fphv.org\/index.php?rest_route=\/wp\/v2\/posts"}],"about":[{"href":"https:\/\/fphv.org\/index.php?rest_route=\/wp\/v2\/types\/post"}],"author":[{"embeddable":true,"href":"https:\/\/fphv.org\/index.php?rest_route=\/wp\/v2\/users\/2"}],"replies":[{"embeddable":true,"href":"https:\/\/fphv.org\/index.php?rest_route=%2Fwp%2Fv2%2Fcomments&post=348"}],"version-history":[{"count":0,"href":"https:\/\/fphv.org\/index.php?rest_route=\/wp\/v2\/posts\/348\/revisions"}],"wp:featuredmedia":[{"embeddable":true,"href":"https:\/\/fphv.org\/index.php?rest_route=\/wp\/v2\/media\/349"}],"wp:attachment":[{"href":"https:\/\/fphv.org\/index.php?rest_route=%2Fwp%2Fv2%2Fmedia&parent=348"}],"wp:term":[{"taxonomy":"category","embeddable":true,"href":"https:\/\/fphv.org\/index.php?rest_route=%2Fwp%2Fv2%2Fcategories&post=348"},{"taxonomy":"post_tag","embeddable":true,"href":"https:\/\/fphv.org\/index.php?rest_route=%2Fwp%2Fv2%2Ftags&post=348"}],"curies":[{"name":"wp","href":"https:\/\/api.w.org\/{rel}","templated":true}]}}