{"id":346,"date":"2023-09-20T23:00:00","date_gmt":"2023-09-21T02:00:00","guid":{"rendered":"https:\/\/fphv.org\/?p=1794"},"modified":"2023-09-20T23:00:00","modified_gmt":"2023-09-21T02:00:00","slug":"presentacion-del-libro-derechos-humanos-en-espana-y-mexico-perspectivas-criticas-desde-el-ombusdman-de-jorge-olvera-garcia","status":"publish","type":"post","link":"https:\/\/fphv.org\/?p=346","title":{"rendered":"Presentaci\u00f3n del libro &#8220;Derechos Humanos en Espa\u00f1a y M\u00e9xico: Perspectivas cr\u00edticas desde el OMBUSDMAN\u201d de Jorge Olvera Garc\u00eda."},"content":{"rendered":"\n<p><\/p>\n\n\n\n<p>El mi\u00e9rcoles 20 de septiembre se realiz\u00f3 en la sede de la Fundaci\u00f3n Pro Humanae Vitae la presentaci\u00f3n del libro \u201cDerechos Humanos en Espa\u00f1a y M\u00e9xico: Perspectivas cr\u00edticas desde el OMBUSDMAN\u201d de Jorge Olvera Garc\u00eda.<\/p>\n\n\n\n<p>En ese marco, el Doctor y Maestro en Derecho, present\u00f3 su nuevo libro en el cual expone y hace acerca de los sistemas de protecci\u00f3n de los Derechos Humanos en Espa\u00f1a y M\u00e9xico y el rol fundamental del Ombudsman, como instituci\u00f3n defensora y protectora por excelencia de estos derechos.<\/p>\n\n\n\n<p>La charla inici\u00f3 con unas breves palabras del presidente de la Fundaci\u00f3n Pro Humanae Vitae, Rafael Vel\u00e1zquez quien agradeci\u00f3 la presencia del Dr. Garc\u00eda, y as\u00ed tambi\u00e9n destac\u00f3 la importancia de contribuir a la promoci\u00f3n de los derechos humanos a trav\u00e9s de aportes acad\u00e9micos. Asimismo particip\u00f3 del panel, el Diputado Provincial y presidente de la Comisi\u00f3n de Derechos Humanos de la C\u00e1mara de Diputados, Juan Mart\u00edn Malpelli, tambien estuvieron presentes Marina Vega Jefa de Gabinete de la Subsecretaria de Derechos Humanos de la Provincia de Buenos Aires ,acompa\u00f1ada por Eliana Bachi perteneciente a la misma Secretaria, as\u00ed como Marcela Farroni Defensora de la Ciudad,Fabi\u00e1n Lugli Secretario General de Realaciones Institucionales de la Municipalidad de La Plata, dirigentes, pertenecientes a casas de altos estudios de la Ciudad de La Plata y Presidentes de C\u00e1maras Comerciales de nuestra ciudad.<\/p>\n","protected":false},"excerpt":{"rendered":"<p>El mi\u00e9rcoles 20 de septiembre se realiz\u00f3 en la sede de la Fundaci\u00f3n Pro Humanae Vitae la presentaci\u00f3n del libro \u201cDerechos Humanos en Espa\u00f1a y M\u00e9xico: Perspectivas cr\u00edticas desde el OMBUSDMAN\u201d de Jorge Olvera Garc\u00eda. En ese marco, el Doctor y Maestro en Derecho, present\u00f3 su nuevo libro en el cual expone y hace acerca [&hellip;]<\/p>\n","protected":false},"author":2,"featured_media":347,"comment_status":"open","ping_status":"open","sticky":false,"template":"","format":"standard","meta":{"footnotes":""},"categories":[2],"tags":[],"class_list":["post-346","post","type-post","status-publish","format-standard","has-post-thumbnail","hentry","category-prensa"],"_links":{"self":[{"href":"https:\/\/fphv.org\/index.php?rest_route=\/wp\/v2\/posts\/346","targetHints":{"allow":["GET"]}}],"collection":[{"href":"https:\/\/fphv.org\/index.php?rest_route=\/wp\/v2\/posts"}],"about":[{"href":"https:\/\/fphv.org\/index.php?rest_route=\/wp\/v2\/types\/post"}],"author":[{"embeddable":true,"href":"https:\/\/fphv.org\/index.php?rest_route=\/wp\/v2\/users\/2"}],"replies":[{"embeddable":true,"href":"https:\/\/fphv.org\/index.php?rest_route=%2Fwp%2Fv2%2Fcomments&post=346"}],"version-history":[{"count":0,"href":"https:\/\/fphv.org\/index.php?rest_route=\/wp\/v2\/posts\/346\/revisions"}],"wp:featuredmedia":[{"embeddable":true,"href":"https:\/\/fphv.org\/index.php?rest_route=\/wp\/v2\/media\/347"}],"wp:attachment":[{"href":"https:\/\/fphv.org\/index.php?rest_route=%2Fwp%2Fv2%2Fmedia&parent=346"}],"wp:term":[{"taxonomy":"category","embeddable":true,"href":"https:\/\/fphv.org\/index.php?rest_route=%2Fwp%2Fv2%2Fcategories&post=346"},{"taxonomy":"post_tag","embeddable":true,"href":"https:\/\/fphv.org\/index.php?rest_route=%2Fwp%2Fv2%2Ftags&post=346"}],"curies":[{"name":"wp","href":"https:\/\/api.w.org\/{rel}","templated":true}]}}