{"id":342,"date":"2023-09-26T10:00:00","date_gmt":"2023-09-26T13:00:00","guid":{"rendered":"https:\/\/fphv.org\/?p=1800"},"modified":"2023-09-26T10:00:00","modified_gmt":"2023-09-26T13:00:00","slug":"contra-la-inseguridad-las-camaras-comerciales-platenses-firman-un-convenio-de-seguridad","status":"publish","type":"post","link":"https:\/\/fphv.org\/?p=342","title":{"rendered":"Contra la inseguridad, las C\u00e1maras Comerciales platenses firman un convenio de seguridad."},"content":{"rendered":"\n<p><\/p>\n\n\n\n<p>Este martes 26 de septiembre, se realiz\u00f3 un encuentro entre los presidentes de las C\u00e1maras Comerciales a Cielo Abierto de la ciudad La Plata junto a autoridades del Municipio, en el Centro de Operaciones y Monitoreo de la ciudad de La Plata. Con el objetivo de impulsar medidas para hacerle frente a la inseguridad que sufren los comerciantes y visitantes de los Centros Comerciales a Cielo Abierto.<br>Durante la reuni\u00f3n se debatieron diversos temas de agenda, haciendo hincapi\u00e9 en la seguridad y econom\u00eda de la regi\u00f3n, siguiendo posteriormente con la firma de un convenio para la adhesi\u00f3n de las instituciones comerciales al \u201cPrograma de Expansi\u00f3n del Sistema Municipal de Video Vigilancia\u201d establecido por la Ordenanza 11623, al \u201cSistema Disuasivo de Hurto a Comercios y Programa Ojos en Alerta\u201d, incorporando as\u00ed a los asociados al Centro de Operaciones y Monitoreo, al Sistema Disuasivo de Hurto de Comercios y al Programa Ojos en Alerta.<br>El convenio fue firmado por el presidente de la Asociaci\u00f3n Amigos de Calle de 12, Mart\u00edn Ranea; la presidenta de la C\u00e1mara Comercial del Centro Platense, Natalia Raciti; el presidente C\u00e1mara de Comercio e Industria de City Bell, Mart\u00edn Bizet; el presidente de la C\u00e1mara La Plata Oeste, Marcelo Mancuso; el presidente del Centro de Comerciantes e Industriales de Avenida 44 y Adyacencias, Mat\u00edas Picci; la presidente de la C\u00e1mara Comercial San Carlos, Patricia Morales y el presidente de los Comerciantes de Diagonal 80, Mat\u00edas Berges; todas ellas pertenecientes al Instituto de Formaci\u00f3n y Promoci\u00f3n del Comercio de la Fundaci\u00f3n Pro Humanae Vitae, con el Intendente de la ciudad de La Plata, Julio Garro junto a la presencia del Secretario de Pol\u00edticas P\u00fablicas en Seguridad y Justicia La Plata, N\u00e9stor Pulichino y el Intendente de San Miguel, Jaime M\u00e9ndez.<\/p>\n","protected":false},"excerpt":{"rendered":"<p>Este martes 26 de septiembre, se realiz\u00f3 un encuentro entre los presidentes de las C\u00e1maras Comerciales a Cielo Abierto de la ciudad La Plata junto a autoridades del Municipio, en el Centro de Operaciones y Monitoreo de la ciudad de La Plata. Con el objetivo de impulsar medidas para hacerle frente a la inseguridad que [&hellip;]<\/p>\n","protected":false},"author":2,"featured_media":343,"comment_status":"open","ping_status":"open","sticky":false,"template":"","format":"standard","meta":{"footnotes":""},"categories":[2],"tags":[],"class_list":["post-342","post","type-post","status-publish","format-standard","has-post-thumbnail","hentry","category-prensa"],"_links":{"self":[{"href":"https:\/\/fphv.org\/index.php?rest_route=\/wp\/v2\/posts\/342","targetHints":{"allow":["GET"]}}],"collection":[{"href":"https:\/\/fphv.org\/index.php?rest_route=\/wp\/v2\/posts"}],"about":[{"href":"https:\/\/fphv.org\/index.php?rest_route=\/wp\/v2\/types\/post"}],"author":[{"embeddable":true,"href":"https:\/\/fphv.org\/index.php?rest_route=\/wp\/v2\/users\/2"}],"replies":[{"embeddable":true,"href":"https:\/\/fphv.org\/index.php?rest_route=%2Fwp%2Fv2%2Fcomments&post=342"}],"version-history":[{"count":0,"href":"https:\/\/fphv.org\/index.php?rest_route=\/wp\/v2\/posts\/342\/revisions"}],"wp:featuredmedia":[{"embeddable":true,"href":"https:\/\/fphv.org\/index.php?rest_route=\/wp\/v2\/media\/343"}],"wp:attachment":[{"href":"https:\/\/fphv.org\/index.php?rest_route=%2Fwp%2Fv2%2Fmedia&parent=342"}],"wp:term":[{"taxonomy":"category","embeddable":true,"href":"https:\/\/fphv.org\/index.php?rest_route=%2Fwp%2Fv2%2Fcategories&post=342"},{"taxonomy":"post_tag","embeddable":true,"href":"https:\/\/fphv.org\/index.php?rest_route=%2Fwp%2Fv2%2Ftags&post=342"}],"curies":[{"name":"wp","href":"https:\/\/api.w.org\/{rel}","templated":true}]}}