{"id":340,"date":"2023-09-27T10:25:00","date_gmt":"2023-09-27T13:25:00","guid":{"rendered":"https:\/\/fphv.org\/?p=1803"},"modified":"2023-09-27T10:25:00","modified_gmt":"2023-09-27T13:25:00","slug":"asamblea-anual-de-directivos-2023","status":"publish","type":"post","link":"https:\/\/fphv.org\/?p=340","title":{"rendered":"Asamblea Anual de Directivos 2023"},"content":{"rendered":"\n<p><\/p>\n\n\n\n<p>Este mi\u00e9rcoles 27 de septiembre, se realiz\u00f3 la Asamblea Anual de Directivos de la Fundaci\u00f3n Pro Humanae Vitae en el Sal\u00f3n Dardo Rocha del Hip\u00f3dromo de La Plata.<br>Con la presencia de 60 l\u00edderes sociales y empresarios se presentaron los informes de impacto del \u00faltimo periodo, de los distintos programas y \u00e1reas de la fundaci\u00f3n.<br>En ese marco cada instituto de la FPHV y miembros del Consejo Ejecutivo disertaron sobre sus trabajos y logros anuales, present\u00e1ndose el Magister en Finanzas y director del Instituto de Educaci\u00f3n Financiera, Luciano Legnoverde, quien brind\u00f3 una charla de an\u00e1lisis en materia econ\u00f3mica y financiera; tambi\u00e9n se present\u00f3 el director del Instituto de Comunicaci\u00f3n Pol\u00edtica, Mario Rodr\u00edguez que brind\u00f3 un an\u00e1lisis sobre contexto pol\u00edtico y electoral, finalizando el presidente de la Fundaci\u00f3n, Rafael Vel\u00e1zquez con un an\u00e1lisis psicosocial y un informe del trabajo realizado a nivel local y global de la organizaci\u00f3n.<br>Este encuentro tuvo por objetivo definir las metas de trabajo en conjunto que viene realizando la FPHV con el sector privado y las c\u00e1maras comerciales de la ciudad, en pos de seguir articulando acciones para promover el desarrollo de la ciudad, del turismo y del sector productivo de la regi\u00f3n. Estuvieron presentes representantes del Instituto de Formaci\u00f3n y Promoci\u00f3n del Comercio, la C\u00e1mara Comercial del Centro Platense, la C\u00e1mara de Comerciantes de City Bell, la C\u00e1mara La Plata Oeste, la Asociaci\u00f3n de Comerciantes de Avenida 44 y el Instituto de Responsabilidad Social Corporativa, entre otros. Tambi\u00e9n estuvieron presentes directivos de Institutos de la FPHV, como el Instituto de la Nueva Edad, el Instituto de Formaci\u00f3n Ciudadana y el Instituto de Deportes.<\/p>\n\n\n\n<p><\/p>\n","protected":false},"excerpt":{"rendered":"<p>Este mi\u00e9rcoles 27 de septiembre, se realiz\u00f3 la Asamblea Anual de Directivos de la Fundaci\u00f3n Pro Humanae Vitae en el Sal\u00f3n Dardo Rocha del Hip\u00f3dromo de La Plata.Con la presencia de 60 l\u00edderes sociales y empresarios se presentaron los informes de impacto del \u00faltimo periodo, de los distintos programas y \u00e1reas de la fundaci\u00f3n.En ese [&hellip;]<\/p>\n","protected":false},"author":2,"featured_media":341,"comment_status":"open","ping_status":"open","sticky":false,"template":"","format":"standard","meta":{"footnotes":""},"categories":[2],"tags":[],"class_list":["post-340","post","type-post","status-publish","format-standard","has-post-thumbnail","hentry","category-prensa"],"_links":{"self":[{"href":"https:\/\/fphv.org\/index.php?rest_route=\/wp\/v2\/posts\/340","targetHints":{"allow":["GET"]}}],"collection":[{"href":"https:\/\/fphv.org\/index.php?rest_route=\/wp\/v2\/posts"}],"about":[{"href":"https:\/\/fphv.org\/index.php?rest_route=\/wp\/v2\/types\/post"}],"author":[{"embeddable":true,"href":"https:\/\/fphv.org\/index.php?rest_route=\/wp\/v2\/users\/2"}],"replies":[{"embeddable":true,"href":"https:\/\/fphv.org\/index.php?rest_route=%2Fwp%2Fv2%2Fcomments&post=340"}],"version-history":[{"count":0,"href":"https:\/\/fphv.org\/index.php?rest_route=\/wp\/v2\/posts\/340\/revisions"}],"wp:featuredmedia":[{"embeddable":true,"href":"https:\/\/fphv.org\/index.php?rest_route=\/wp\/v2\/media\/341"}],"wp:attachment":[{"href":"https:\/\/fphv.org\/index.php?rest_route=%2Fwp%2Fv2%2Fmedia&parent=340"}],"wp:term":[{"taxonomy":"category","embeddable":true,"href":"https:\/\/fphv.org\/index.php?rest_route=%2Fwp%2Fv2%2Fcategories&post=340"},{"taxonomy":"post_tag","embeddable":true,"href":"https:\/\/fphv.org\/index.php?rest_route=%2Fwp%2Fv2%2Ftags&post=340"}],"curies":[{"name":"wp","href":"https:\/\/api.w.org\/{rel}","templated":true}]}}