{"id":338,"date":"2023-09-27T10:30:00","date_gmt":"2023-09-27T13:30:00","guid":{"rendered":"https:\/\/fphv.org\/?p=1824"},"modified":"2023-09-27T10:30:00","modified_gmt":"2023-09-27T13:30:00","slug":"asamblea-anual-de-directivos-2023-2","status":"publish","type":"post","link":"https:\/\/fphv.org\/?p=338","title":{"rendered":"Asamblea Anual de Directivos 2023"},"content":{"rendered":"\n<p>El d\u00eda mi\u00e9rcoles 27 de septiembre, se realiz\u00f3 la Asamblea Anual de Directivos de la Fundaci\u00f3n Pro Humanae Vitae en el Sal\u00f3n Dardo Rocha del Hip\u00f3dromo de La Plata. Con la presencia de 60 l\u00edderes sociales y empresarios se presentaron los informes de impacto del \u00faltimo periodo, de los distintos programas y \u00e1reas de la fundaci\u00f3n.<br>Este encuentro tuvo por objetivo definir las metas de trabajo en conjunto que viene realizando la FPHV con el sector privado y las c\u00e1maras comerciales de la ciudad, en pos de seguir articulando acciones para promover el desarrollo de la ciudad, del turismo y del sector productivo de la regi\u00f3n.<\/p>\n","protected":false},"excerpt":{"rendered":"<p>El d\u00eda mi\u00e9rcoles 27 de septiembre, se realiz\u00f3 la Asamblea Anual de Directivos de la Fundaci\u00f3n Pro Humanae Vitae en el Sal\u00f3n Dardo Rocha del Hip\u00f3dromo de La Plata. Con la presencia de 60 l\u00edderes sociales y empresarios se presentaron los informes de impacto del \u00faltimo periodo, de los distintos programas y \u00e1reas de la [&hellip;]<\/p>\n","protected":false},"author":2,"featured_media":339,"comment_status":"open","ping_status":"open","sticky":false,"template":"","format":"standard","meta":{"footnotes":""},"categories":[2],"tags":[],"class_list":["post-338","post","type-post","status-publish","format-standard","has-post-thumbnail","hentry","category-prensa"],"_links":{"self":[{"href":"https:\/\/fphv.org\/index.php?rest_route=\/wp\/v2\/posts\/338","targetHints":{"allow":["GET"]}}],"collection":[{"href":"https:\/\/fphv.org\/index.php?rest_route=\/wp\/v2\/posts"}],"about":[{"href":"https:\/\/fphv.org\/index.php?rest_route=\/wp\/v2\/types\/post"}],"author":[{"embeddable":true,"href":"https:\/\/fphv.org\/index.php?rest_route=\/wp\/v2\/users\/2"}],"replies":[{"embeddable":true,"href":"https:\/\/fphv.org\/index.php?rest_route=%2Fwp%2Fv2%2Fcomments&post=338"}],"version-history":[{"count":0,"href":"https:\/\/fphv.org\/index.php?rest_route=\/wp\/v2\/posts\/338\/revisions"}],"wp:featuredmedia":[{"embeddable":true,"href":"https:\/\/fphv.org\/index.php?rest_route=\/wp\/v2\/media\/339"}],"wp:attachment":[{"href":"https:\/\/fphv.org\/index.php?rest_route=%2Fwp%2Fv2%2Fmedia&parent=338"}],"wp:term":[{"taxonomy":"category","embeddable":true,"href":"https:\/\/fphv.org\/index.php?rest_route=%2Fwp%2Fv2%2Fcategories&post=338"},{"taxonomy":"post_tag","embeddable":true,"href":"https:\/\/fphv.org\/index.php?rest_route=%2Fwp%2Fv2%2Ftags&post=338"}],"curies":[{"name":"wp","href":"https:\/\/api.w.org\/{rel}","templated":true}]}}