{"id":336,"date":"2023-09-29T10:30:00","date_gmt":"2023-09-29T13:30:00","guid":{"rendered":"https:\/\/fphv.org\/?p=1809"},"modified":"2023-09-29T10:30:00","modified_gmt":"2023-09-29T13:30:00","slug":"dialogo-en-apoyo-de-la-libertad-de-conciencia-religion-o-creencia-y-el-pluralismo-en-las-americas","status":"publish","type":"post","link":"https:\/\/fphv.org\/?p=336","title":{"rendered":"Di\u00e1logo en Apoyo de la Libertad de Conciencia, Religi\u00f3n o Creencia y el Pluralismo en las Am\u00e9ricas"},"content":{"rendered":"\n<p>Este viernes 29, el Instituto de Asuntos Transnacionales de la FPHV particip\u00f3 de la conferencia \u201cDi\u00e1logo en Apoyo de la Libertad de Conciencia, Religi\u00f3n o Creencia y el Pluralismo en las Am\u00e9ricas\u201d en el cual fu\u00e9 sede la Organizaci\u00f3n de Estados Americanos (OEA).<br>Mediante est\u00e1 conferencia los gobiernos regionales continuan reforzando el compromiso de incrementar los esfuerzos para garantizar la inclusi\u00f3n y la diversidad en todos los aspectos de la gobernanza en el Plan de Acci\u00f3n Interamericano sobre Gobernabilidad Democr\u00e1tica de junio de 2022, adoptado por los Jefes de Estado y de Gobierno en la Novena Cumbre de las Am\u00e9ricas.<\/p>\n","protected":false},"excerpt":{"rendered":"<p>Este viernes 29, el Instituto de Asuntos Transnacionales de la FPHV particip\u00f3 de la conferencia \u201cDi\u00e1logo en Apoyo de la Libertad de Conciencia, Religi\u00f3n o Creencia y el Pluralismo en las Am\u00e9ricas\u201d en el cual fu\u00e9 sede la Organizaci\u00f3n de Estados Americanos (OEA).Mediante est\u00e1 conferencia los gobiernos regionales continuan reforzando el compromiso de incrementar los [&hellip;]<\/p>\n","protected":false},"author":2,"featured_media":337,"comment_status":"open","ping_status":"open","sticky":false,"template":"","format":"standard","meta":{"footnotes":""},"categories":[2],"tags":[],"class_list":["post-336","post","type-post","status-publish","format-standard","has-post-thumbnail","hentry","category-prensa"],"_links":{"self":[{"href":"https:\/\/fphv.org\/index.php?rest_route=\/wp\/v2\/posts\/336","targetHints":{"allow":["GET"]}}],"collection":[{"href":"https:\/\/fphv.org\/index.php?rest_route=\/wp\/v2\/posts"}],"about":[{"href":"https:\/\/fphv.org\/index.php?rest_route=\/wp\/v2\/types\/post"}],"author":[{"embeddable":true,"href":"https:\/\/fphv.org\/index.php?rest_route=\/wp\/v2\/users\/2"}],"replies":[{"embeddable":true,"href":"https:\/\/fphv.org\/index.php?rest_route=%2Fwp%2Fv2%2Fcomments&post=336"}],"version-history":[{"count":0,"href":"https:\/\/fphv.org\/index.php?rest_route=\/wp\/v2\/posts\/336\/revisions"}],"wp:featuredmedia":[{"embeddable":true,"href":"https:\/\/fphv.org\/index.php?rest_route=\/wp\/v2\/media\/337"}],"wp:attachment":[{"href":"https:\/\/fphv.org\/index.php?rest_route=%2Fwp%2Fv2%2Fmedia&parent=336"}],"wp:term":[{"taxonomy":"category","embeddable":true,"href":"https:\/\/fphv.org\/index.php?rest_route=%2Fwp%2Fv2%2Fcategories&post=336"},{"taxonomy":"post_tag","embeddable":true,"href":"https:\/\/fphv.org\/index.php?rest_route=%2Fwp%2Fv2%2Ftags&post=336"}],"curies":[{"name":"wp","href":"https:\/\/api.w.org\/{rel}","templated":true}]}}