{"id":334,"date":"2023-10-01T17:00:00","date_gmt":"2023-10-01T20:00:00","guid":{"rendered":"https:\/\/fphv.org\/?p=1862"},"modified":"2023-10-01T17:00:00","modified_gmt":"2023-10-01T20:00:00","slug":"la-fundacion-pro-humanae-vitae-celebro-su-aniversario-n28-3","status":"publish","type":"post","link":"https:\/\/fphv.org\/?p=334","title":{"rendered":"La Fundaci\u00f3n Pro Humanae Vitae celebr\u00f3 su Aniversario N\u00b028"},"content":{"rendered":"\n<p>El d\u00eda martes 31 de octubre la Fundaci\u00f3n Pro Humanae Vitae celebr\u00f3 su Aniversario N\u00b028 en el Hip\u00f3dromo de La Plata, con un encuentro que reuni\u00f3 a los principales dirigentes sociales, empresariales, comerciales y acad\u00e9micos de la ciudad.<br>Con motivo de celebrar y compartir con un nuevo aniversario de la entidad que promueve el desarrollo integral de las personas, tanto en la ciudad de La Plata como a nivel nacional e internacional.<br>Agasajando a sus voluntarios, benefactores y colaboradores, el encuentro cont\u00f3 con la presencia de su fundadora, Graciela S\u00e1nchez y el presidente de la Fundaci\u00f3n Pro Humanae Vitae, Rafael Vel\u00e1zquez quien remarc\u00f3 la labor de la Fundaci\u00f3n como una organizaci\u00f3n clave en la ciudad para producir incidencia e impulsar el desarrollo de la ciudad. Asimismo, tambi\u00e9n se cont\u00f3 con la honorable presencia del Monse\u00f1or Jorge Gonz\u00e1lez.<br>Participaron tambi\u00e9n del evento autoridades y directores de Instituto de la Fundaci\u00f3n Pro Humanae Vitae.<\/p>\n","protected":false},"excerpt":{"rendered":"<p>El d\u00eda martes 31 de octubre la Fundaci\u00f3n Pro Humanae Vitae celebr\u00f3 su Aniversario N\u00b028 en el Hip\u00f3dromo de La Plata, con un encuentro que reuni\u00f3 a los principales dirigentes sociales, empresariales, comerciales y acad\u00e9micos de la ciudad.Con motivo de celebrar y compartir con un nuevo aniversario de la entidad que promueve el desarrollo integral [&hellip;]<\/p>\n","protected":false},"author":2,"featured_media":335,"comment_status":"open","ping_status":"open","sticky":false,"template":"","format":"standard","meta":{"footnotes":""},"categories":[2],"tags":[],"class_list":["post-334","post","type-post","status-publish","format-standard","has-post-thumbnail","hentry","category-prensa"],"_links":{"self":[{"href":"https:\/\/fphv.org\/index.php?rest_route=\/wp\/v2\/posts\/334","targetHints":{"allow":["GET"]}}],"collection":[{"href":"https:\/\/fphv.org\/index.php?rest_route=\/wp\/v2\/posts"}],"about":[{"href":"https:\/\/fphv.org\/index.php?rest_route=\/wp\/v2\/types\/post"}],"author":[{"embeddable":true,"href":"https:\/\/fphv.org\/index.php?rest_route=\/wp\/v2\/users\/2"}],"replies":[{"embeddable":true,"href":"https:\/\/fphv.org\/index.php?rest_route=%2Fwp%2Fv2%2Fcomments&post=334"}],"version-history":[{"count":0,"href":"https:\/\/fphv.org\/index.php?rest_route=\/wp\/v2\/posts\/334\/revisions"}],"wp:featuredmedia":[{"embeddable":true,"href":"https:\/\/fphv.org\/index.php?rest_route=\/wp\/v2\/media\/335"}],"wp:attachment":[{"href":"https:\/\/fphv.org\/index.php?rest_route=%2Fwp%2Fv2%2Fmedia&parent=334"}],"wp:term":[{"taxonomy":"category","embeddable":true,"href":"https:\/\/fphv.org\/index.php?rest_route=%2Fwp%2Fv2%2Fcategories&post=334"},{"taxonomy":"post_tag","embeddable":true,"href":"https:\/\/fphv.org\/index.php?rest_route=%2Fwp%2Fv2%2Ftags&post=334"}],"curies":[{"name":"wp","href":"https:\/\/api.w.org\/{rel}","templated":true}]}}