{"id":325,"date":"2023-10-02T00:00:00","date_gmt":"2023-10-02T03:00:00","guid":{"rendered":"https:\/\/fphv.org\/?p=1815"},"modified":"2023-10-02T00:00:00","modified_gmt":"2023-10-02T03:00:00","slug":"acciones-del-instituto-de-la-nueva-edad-de-la-fphv-el-objetivo-es-que-los-adultos-mayores-puedan-desarrollar-una-vida-plena-y-digna","status":"publish","type":"post","link":"https:\/\/fphv.org\/?p=325","title":{"rendered":"Acciones del Instituto de la Nueva Edad de la FPHV: El objetivo es que los adultos mayores puedan desarrollar una vida plena y digna."},"content":{"rendered":"\n<p><\/p>\n\n\n\n<p>El Instituto de la Nueva Edad de la Fundaci\u00f3n Pro Humanae Vitae dio a conocer una declaraci\u00f3n a trav\u00e9s de la cual expres\u00f3 su adhesi\u00f3n a la celebraci\u00f3n del \u201cD\u00eda Internacional de las Personas Mayores\u201d, establecido el 14 de diciembre de 1990 por la Organizaci\u00f3n de las Naciones Unidas a trav\u00e9s de la Resoluci\u00f3n Nro. 45\/106.<br>El INE destac\u00f3 la importancia de dicha resoluci\u00f3n, habida cuenta de que la poblaci\u00f3n de adultos mayores ha ido creciendo como consecuencia del alargamiento de las expectativas de vida; el Instituto destac\u00f3 que ese aumento de la poblaci\u00f3n de adultos mayores, que se estima en el a\u00f1o 2050 superar\u00e1 a la de ni\u00f1os, debe estar acompa\u00f1ado por la adopci\u00f3n de pol\u00edticas p\u00fablicas que posibiliten a esa poblaci\u00f3n tener una vida digna, plena y activa dentro de la comunidad.<br>A los efectos de cumplir con el compromiso social asumido de propiciar el cumplimiento pleno de los derechos y libertades de las personas de edad avanzada, el INE destac\u00f3 que en forma conjunta con la Defensor\u00eda Ciudadana de La Plata se ha puesto en marcha en ese organismo un programa especial para la atenci\u00f3n de los reclamos de las personas mayores que sean tratadas de manera indebida en organismos p\u00fablicos y empresas privadas.<br>Asimismo, en forma conjunta con la Federaci\u00f3n de Instituciones Culturales y Deportivas de La Plata, est\u00e1 desarrollando un ciclo de reuniones en clubes de los distintos barrios platenses, con el objeto de propiciar que las personas mayores tomen conocimiento de los derechos que los asisten seg\u00fan lo establecido por la citada Convenci\u00f3n Interamericana. A esos efectos se distribuye folleter\u00eda informativa sobre esos derechos y las normas que en nuestro pa\u00eds los amparan.<\/p>\n","protected":false},"excerpt":{"rendered":"<p>El Instituto de la Nueva Edad de la Fundaci\u00f3n Pro Humanae Vitae dio a conocer una declaraci\u00f3n a trav\u00e9s de la cual expres\u00f3 su adhesi\u00f3n a la celebraci\u00f3n del \u201cD\u00eda Internacional de las Personas Mayores\u201d, establecido el 14 de diciembre de 1990 por la Organizaci\u00f3n de las Naciones Unidas a trav\u00e9s de la Resoluci\u00f3n Nro. [&hellip;]<\/p>\n","protected":false},"author":2,"featured_media":326,"comment_status":"open","ping_status":"open","sticky":false,"template":"","format":"standard","meta":{"footnotes":""},"categories":[2],"tags":[],"class_list":["post-325","post","type-post","status-publish","format-standard","has-post-thumbnail","hentry","category-prensa"],"_links":{"self":[{"href":"https:\/\/fphv.org\/index.php?rest_route=\/wp\/v2\/posts\/325","targetHints":{"allow":["GET"]}}],"collection":[{"href":"https:\/\/fphv.org\/index.php?rest_route=\/wp\/v2\/posts"}],"about":[{"href":"https:\/\/fphv.org\/index.php?rest_route=\/wp\/v2\/types\/post"}],"author":[{"embeddable":true,"href":"https:\/\/fphv.org\/index.php?rest_route=\/wp\/v2\/users\/2"}],"replies":[{"embeddable":true,"href":"https:\/\/fphv.org\/index.php?rest_route=%2Fwp%2Fv2%2Fcomments&post=325"}],"version-history":[{"count":0,"href":"https:\/\/fphv.org\/index.php?rest_route=\/wp\/v2\/posts\/325\/revisions"}],"wp:featuredmedia":[{"embeddable":true,"href":"https:\/\/fphv.org\/index.php?rest_route=\/wp\/v2\/media\/326"}],"wp:attachment":[{"href":"https:\/\/fphv.org\/index.php?rest_route=%2Fwp%2Fv2%2Fmedia&parent=325"}],"wp:term":[{"taxonomy":"category","embeddable":true,"href":"https:\/\/fphv.org\/index.php?rest_route=%2Fwp%2Fv2%2Fcategories&post=325"},{"taxonomy":"post_tag","embeddable":true,"href":"https:\/\/fphv.org\/index.php?rest_route=%2Fwp%2Fv2%2Ftags&post=325"}],"curies":[{"name":"wp","href":"https:\/\/api.w.org\/{rel}","templated":true}]}}