{"id":321,"date":"2023-10-05T09:00:00","date_gmt":"2023-10-05T12:00:00","guid":{"rendered":"https:\/\/fphv.org\/?p=1827"},"modified":"2023-10-05T09:00:00","modified_gmt":"2023-10-05T12:00:00","slug":"dirigentes-del-turismo-nacional-provincial-y-local-se-reunieron-con-el-intendente","status":"publish","type":"post","link":"https:\/\/fphv.org\/?p=321","title":{"rendered":"Dirigentes del turismo nacional, provincial y local se reunieron con el intendente."},"content":{"rendered":"\n<p>El jueves 5 de octubre se reunieron en la sede de la FPHV, representantes del sector tur\u00edstico nacional, provincial y local con el intendente de la ciudad de La Plata, Julio Garro.<\/p>\n\n\n\n<p>La reuni\u00f3n fue encabezada por la Asociaci\u00f3n Hoteles de Turismo de la Rep\u00fablica Argentina, la FPHV, la Asociaci\u00f3n de Agencias de Viajes y Turismo de La Plata, la Federaci\u00f3n Argentina de Asociaciones de Empresas de Viajes y Turismo y la C\u00e1mara de Turismo de la Provincia de Buenos Aires, as\u00ed tambi\u00e9n participaron gerentes de los principales hoteles de la ciudad, como presidentes de c\u00e1maras comerciales, acad\u00e9micos, empresarios y directivos del Instituto de Gesti\u00f3n P\u00fablica y Turismo de la FPHV.<\/p>\n\n\n\n<p>La reuni\u00f3n tuvo por objetivo conversar acerca de la realidad del sector, y tambi\u00e9n poder contribuir a mejorar las pol\u00edticas de promoci\u00f3n del turismo en la ciudad de La Plata y generar mayor trabajo de calidad y desarrollo.<\/p>\n\n\n\n<p>Participaron de la reuni\u00f3n, Franco Di Pasquo, director ejecutivo de la AHT; Ricardo Mui\u00f1o, gerente de la AHT de la Provincia de Buenos Aires; Roberto Rodr\u00edguez, presidente de la C\u00e1mara de Turismo de la Provincia de Buenos Aires; Agust\u00edn Ferrero, gerente del Hotel Land Plaza; Micaela Laya, gerente del Hotel Grand Brizo La Plata, Daniela Martino, gerente comercial del Hotel Days Inn La Plata y Fabi\u00e1n Lattanzio, presidente de la Asociaci\u00f3n de Agencias de Viajes y Turismo de La Plata; Empresas de Turismo. Asimismo, tambi\u00e9n estuvo presente Eduardo de Giusti, decano de la Facultad de Ciencias Econ\u00f3micas de la Universidad Nacional de La Plata y por parte de la Municipalidad de La Plata, acompa\u00f1\u00f3 el Secretario de Espacios P\u00fablicos, Jos\u00e9 Etchart.<\/p>\n\n\n\n<p>Por parte de la FPHV particip\u00f3 su presidente, Rafael Vel\u00e1zquez; acompa\u00f1aron tambi\u00e9n los presidentes de c\u00e1maras comerciales, miembros del Instituto de Formaci\u00f3n y Promoci\u00f3n del Comercio, Mart\u00edn Ranea; Natalia Raciti; Marcelo Mancuso, Mart\u00edn Bizet, y Mat\u00edas Picci. Acompa\u00f1\u00f3 tambi\u00e9n Walter Mastropietro de la Empresa Nueve de Julio.<\/p>\n","protected":false},"excerpt":{"rendered":"<p>El jueves 5 de octubre se reunieron en la sede de la FPHV, representantes del sector tur\u00edstico nacional, provincial y local con el intendente de la ciudad de La Plata, Julio Garro. La reuni\u00f3n fue encabezada por la Asociaci\u00f3n Hoteles de Turismo de la Rep\u00fablica Argentina, la FPHV, la Asociaci\u00f3n de Agencias de Viajes y [&hellip;]<\/p>\n","protected":false},"author":2,"featured_media":322,"comment_status":"open","ping_status":"open","sticky":false,"template":"","format":"standard","meta":{"footnotes":""},"categories":[2],"tags":[],"class_list":["post-321","post","type-post","status-publish","format-standard","has-post-thumbnail","hentry","category-prensa"],"_links":{"self":[{"href":"https:\/\/fphv.org\/index.php?rest_route=\/wp\/v2\/posts\/321","targetHints":{"allow":["GET"]}}],"collection":[{"href":"https:\/\/fphv.org\/index.php?rest_route=\/wp\/v2\/posts"}],"about":[{"href":"https:\/\/fphv.org\/index.php?rest_route=\/wp\/v2\/types\/post"}],"author":[{"embeddable":true,"href":"https:\/\/fphv.org\/index.php?rest_route=\/wp\/v2\/users\/2"}],"replies":[{"embeddable":true,"href":"https:\/\/fphv.org\/index.php?rest_route=%2Fwp%2Fv2%2Fcomments&post=321"}],"version-history":[{"count":0,"href":"https:\/\/fphv.org\/index.php?rest_route=\/wp\/v2\/posts\/321\/revisions"}],"wp:featuredmedia":[{"embeddable":true,"href":"https:\/\/fphv.org\/index.php?rest_route=\/wp\/v2\/media\/322"}],"wp:attachment":[{"href":"https:\/\/fphv.org\/index.php?rest_route=%2Fwp%2Fv2%2Fmedia&parent=321"}],"wp:term":[{"taxonomy":"category","embeddable":true,"href":"https:\/\/fphv.org\/index.php?rest_route=%2Fwp%2Fv2%2Fcategories&post=321"},{"taxonomy":"post_tag","embeddable":true,"href":"https:\/\/fphv.org\/index.php?rest_route=%2Fwp%2Fv2%2Ftags&post=321"}],"curies":[{"name":"wp","href":"https:\/\/api.w.org\/{rel}","templated":true}]}}