{"id":319,"date":"2023-10-05T22:00:00","date_gmt":"2023-10-06T01:00:00","guid":{"rendered":"https:\/\/fphv.org\/?p=1830"},"modified":"2023-10-05T22:00:00","modified_gmt":"2023-10-06T01:00:00","slug":"gala-de-la-fundacion-ludovica","status":"publish","type":"post","link":"https:\/\/fphv.org\/?p=319","title":{"rendered":"Gala de la Fundaci\u00f3n Ludovica."},"content":{"rendered":"\n<p>Este jueves 5 de octubre se realiz\u00f3 la Gala de la Fundaci\u00f3n Ludovica a beneficio del Hospital de Ni\u00f1os de La Plata.<\/p>\n\n\n\n<p>Nuestro presidente Rafael Vel\u00e1zquez, y miembros de la FPHV participaron del evento acompa\u00f1ado las obras ben\u00e9ficas de esta tan importante organizaci\u00f3n.<\/p>\n","protected":false},"excerpt":{"rendered":"<p>Este jueves 5 de octubre se realiz\u00f3 la Gala de la Fundaci\u00f3n Ludovica a beneficio del Hospital de Ni\u00f1os de La Plata. Nuestro presidente Rafael Vel\u00e1zquez, y miembros de la FPHV participaron del evento acompa\u00f1ado las obras ben\u00e9ficas de esta tan importante organizaci\u00f3n.<\/p>\n","protected":false},"author":2,"featured_media":320,"comment_status":"open","ping_status":"open","sticky":false,"template":"","format":"standard","meta":{"footnotes":""},"categories":[2],"tags":[],"class_list":["post-319","post","type-post","status-publish","format-standard","has-post-thumbnail","hentry","category-prensa"],"_links":{"self":[{"href":"https:\/\/fphv.org\/index.php?rest_route=\/wp\/v2\/posts\/319","targetHints":{"allow":["GET"]}}],"collection":[{"href":"https:\/\/fphv.org\/index.php?rest_route=\/wp\/v2\/posts"}],"about":[{"href":"https:\/\/fphv.org\/index.php?rest_route=\/wp\/v2\/types\/post"}],"author":[{"embeddable":true,"href":"https:\/\/fphv.org\/index.php?rest_route=\/wp\/v2\/users\/2"}],"replies":[{"embeddable":true,"href":"https:\/\/fphv.org\/index.php?rest_route=%2Fwp%2Fv2%2Fcomments&post=319"}],"version-history":[{"count":0,"href":"https:\/\/fphv.org\/index.php?rest_route=\/wp\/v2\/posts\/319\/revisions"}],"wp:featuredmedia":[{"embeddable":true,"href":"https:\/\/fphv.org\/index.php?rest_route=\/wp\/v2\/media\/320"}],"wp:attachment":[{"href":"https:\/\/fphv.org\/index.php?rest_route=%2Fwp%2Fv2%2Fmedia&parent=319"}],"wp:term":[{"taxonomy":"category","embeddable":true,"href":"https:\/\/fphv.org\/index.php?rest_route=%2Fwp%2Fv2%2Fcategories&post=319"},{"taxonomy":"post_tag","embeddable":true,"href":"https:\/\/fphv.org\/index.php?rest_route=%2Fwp%2Fv2%2Ftags&post=319"}],"curies":[{"name":"wp","href":"https:\/\/api.w.org\/{rel}","templated":true}]}}