{"id":317,"date":"2023-10-10T16:00:00","date_gmt":"2023-10-10T19:00:00","guid":{"rendered":"https:\/\/fphv.org\/?p=1833"},"modified":"2023-10-10T16:00:00","modified_gmt":"2023-10-10T19:00:00","slug":"entrega-de-diplomas-a-los-egresados-de-la-diplomatura-universitaria-en-construccion-ciudadana-con-personas-mayores","status":"publish","type":"post","link":"https:\/\/fphv.org\/?p=317","title":{"rendered":"Entrega de diplomas a los egresados de la diplomatura universitaria en construcci\u00f3n ciudadana con personas mayores."},"content":{"rendered":"\n<p>Este martes 10 de octubre se realiz\u00f3 la entrega de diplomas a los egresados de la primera cohorte de la Diplomatura Universitaria en Desarrollo Comunitario con Personas Mayores, organizada por la Secretar\u00eda de Relaciones Institucionales de la Universidad Nacional de La Plata. Entre los egresados se encuentran los integrantes del Instituto de la Nueva Edad de la Fundaci\u00f3n Pro Humanae Vitae.<br>En un emotivo encuentro del cual participaron autoridades de la Universidad Nacional de La Plata, en particular, el Secretario de Relaciones Institucionales, Javier Mor Roig y el Subsecretario de Relaciones Institucionales, Alfredo Brunetti, quienes destacaron la importancia de la Diplomatura para el cumplimiento de los objetivos que se ha fijado la Universidad de aportar con sus conocimientos y recursos t\u00e9cnicos y humanos a mejorar la calidad de vida de la poblaci\u00f3n que vive en su zona de influencia.<br>En nombre de los egresados habl\u00f3 la directora del Instituto de la Nueva Edad, Sandra Campos, y Mario Mauri, miembro del INE. La Lic. Campos agradeci\u00f3 en nombre de los egresados a las autoridades de la Secretar\u00eda de Relaciones Institucionales de la UNLP y al cuerpo docente por el intenso trabajo realizado. Agreg\u00f3 que en el caso del INE la diplomatura entreg\u00f3 a sus miembros valiosos instrumentos para desarrollar las actividades del Instituto en defensa de los derechos humanos de las personas mayores, tal como lo establece la Convenci\u00f3n Interamericana de la que nuestro pa\u00eds forma parte.<br>Cabe se\u00f1alar que participaron del acto la Fundadora de la Fundaci\u00f3n Pro Humanae Vitae y madrina del INE, Graciela S\u00e1nchez, y el Presidente del C\u00edrculo de Periodistas, Hugo M\u00e1rsico.<\/p>\n","protected":false},"excerpt":{"rendered":"<p>Este martes 10 de octubre se realiz\u00f3 la entrega de diplomas a los egresados de la primera cohorte de la Diplomatura Universitaria en Desarrollo Comunitario con Personas Mayores, organizada por la Secretar\u00eda de Relaciones Institucionales de la Universidad Nacional de La Plata. Entre los egresados se encuentran los integrantes del Instituto de la Nueva Edad [&hellip;]<\/p>\n","protected":false},"author":2,"featured_media":318,"comment_status":"open","ping_status":"open","sticky":false,"template":"","format":"standard","meta":{"footnotes":""},"categories":[2],"tags":[],"class_list":["post-317","post","type-post","status-publish","format-standard","has-post-thumbnail","hentry","category-prensa"],"_links":{"self":[{"href":"https:\/\/fphv.org\/index.php?rest_route=\/wp\/v2\/posts\/317","targetHints":{"allow":["GET"]}}],"collection":[{"href":"https:\/\/fphv.org\/index.php?rest_route=\/wp\/v2\/posts"}],"about":[{"href":"https:\/\/fphv.org\/index.php?rest_route=\/wp\/v2\/types\/post"}],"author":[{"embeddable":true,"href":"https:\/\/fphv.org\/index.php?rest_route=\/wp\/v2\/users\/2"}],"replies":[{"embeddable":true,"href":"https:\/\/fphv.org\/index.php?rest_route=%2Fwp%2Fv2%2Fcomments&post=317"}],"version-history":[{"count":0,"href":"https:\/\/fphv.org\/index.php?rest_route=\/wp\/v2\/posts\/317\/revisions"}],"wp:featuredmedia":[{"embeddable":true,"href":"https:\/\/fphv.org\/index.php?rest_route=\/wp\/v2\/media\/318"}],"wp:attachment":[{"href":"https:\/\/fphv.org\/index.php?rest_route=%2Fwp%2Fv2%2Fmedia&parent=317"}],"wp:term":[{"taxonomy":"category","embeddable":true,"href":"https:\/\/fphv.org\/index.php?rest_route=%2Fwp%2Fv2%2Fcategories&post=317"},{"taxonomy":"post_tag","embeddable":true,"href":"https:\/\/fphv.org\/index.php?rest_route=%2Fwp%2Fv2%2Ftags&post=317"}],"curies":[{"name":"wp","href":"https:\/\/api.w.org\/{rel}","templated":true}]}}