{"id":315,"date":"2023-10-17T18:00:00","date_gmt":"2023-10-17T21:00:00","guid":{"rendered":"https:\/\/fphv.org\/?p=1836"},"modified":"2023-10-17T18:00:00","modified_gmt":"2023-10-17T21:00:00","slug":"october-monthly-meeting-de-ngo-csw-ny","status":"publish","type":"post","link":"https:\/\/fphv.org\/?p=315","title":{"rendered":"October Monthly Meeting de NGO CSW\/NY"},"content":{"rendered":"\n<p>Este martes 17 de octubre Valentina Ya\u00f1ez, miembro del Instituto de Asuntos Transnacionales de la Fundaci\u00f3n Pro Humanae Vitae particip\u00f3 de la October Monthly Meeting de NGO CSW\/NY, ateniente al Financiamiento para el Desarrollo y Cumbre de los ODS en relaci\u00f3n con la Igualdad de G\u00e9nero y la Pobreza. Los ponentes expusieron sus puntos de vista y opiniones, haciendo principal hincapi\u00e9 en que, si bien la pobreza afecta a todas las personas, la desigualdad de g\u00e9nero exacerba las causas de la pobreza, ejerciendo m\u00e1s presi\u00f3n sobre las mujeres y las ni\u00f1as, ya que tienen muchos menos recursos para hacerle frente. Es probable que sean los \u00faltimos en comer, los que tienen menos probabilidades de acceder a la atenci\u00f3n sanitaria y, habitualmente, quedan atrapados en tareas dom\u00e9sticas que consumen mucho tiempo y no son remuneradas. Tienen opciones m\u00e1s limitadas para trabajar o crear negocios. Una educaci\u00f3n adecuada puede estar fuera de nuestro alcance. Algunas terminan forzadas a la explotaci\u00f3n sexual como parte de una lucha b\u00e1sica por sobrevivir.<\/p>\n\n\n\n<p>Desde la FPHV creemos que para cerrar esta brecha inegable respecto a los accesos de las mujeres en distintos \u00e1mbitos es necesario un trabajo coordinado entre el gobierno en todos sus niveles, la sociedad civil en conjunto y el sistema internacional.<\/p>\n","protected":false},"excerpt":{"rendered":"<p>Este martes 17 de octubre Valentina Ya\u00f1ez, miembro del Instituto de Asuntos Transnacionales de la Fundaci\u00f3n Pro Humanae Vitae particip\u00f3 de la October Monthly Meeting de NGO CSW\/NY, ateniente al Financiamiento para el Desarrollo y Cumbre de los ODS en relaci\u00f3n con la Igualdad de G\u00e9nero y la Pobreza. Los ponentes expusieron sus puntos de [&hellip;]<\/p>\n","protected":false},"author":2,"featured_media":316,"comment_status":"open","ping_status":"open","sticky":false,"template":"","format":"standard","meta":{"footnotes":""},"categories":[2],"tags":[],"class_list":["post-315","post","type-post","status-publish","format-standard","has-post-thumbnail","hentry","category-prensa"],"_links":{"self":[{"href":"https:\/\/fphv.org\/index.php?rest_route=\/wp\/v2\/posts\/315","targetHints":{"allow":["GET"]}}],"collection":[{"href":"https:\/\/fphv.org\/index.php?rest_route=\/wp\/v2\/posts"}],"about":[{"href":"https:\/\/fphv.org\/index.php?rest_route=\/wp\/v2\/types\/post"}],"author":[{"embeddable":true,"href":"https:\/\/fphv.org\/index.php?rest_route=\/wp\/v2\/users\/2"}],"replies":[{"embeddable":true,"href":"https:\/\/fphv.org\/index.php?rest_route=%2Fwp%2Fv2%2Fcomments&post=315"}],"version-history":[{"count":0,"href":"https:\/\/fphv.org\/index.php?rest_route=\/wp\/v2\/posts\/315\/revisions"}],"wp:featuredmedia":[{"embeddable":true,"href":"https:\/\/fphv.org\/index.php?rest_route=\/wp\/v2\/media\/316"}],"wp:attachment":[{"href":"https:\/\/fphv.org\/index.php?rest_route=%2Fwp%2Fv2%2Fmedia&parent=315"}],"wp:term":[{"taxonomy":"category","embeddable":true,"href":"https:\/\/fphv.org\/index.php?rest_route=%2Fwp%2Fv2%2Fcategories&post=315"},{"taxonomy":"post_tag","embeddable":true,"href":"https:\/\/fphv.org\/index.php?rest_route=%2Fwp%2Fv2%2Ftags&post=315"}],"curies":[{"name":"wp","href":"https:\/\/api.w.org\/{rel}","templated":true}]}}