{"id":311,"date":"2023-10-25T09:00:00","date_gmt":"2023-10-25T12:00:00","guid":{"rendered":"https:\/\/fphv.org\/?p=1842"},"modified":"2023-10-25T09:00:00","modified_gmt":"2023-10-25T12:00:00","slug":"quienes-somos","status":"publish","type":"post","link":"https:\/\/fphv.org\/?p=311","title":{"rendered":"\u00bfQui\u00e9nes somos?"},"content":{"rendered":"\n<p> Somos una Agencia de Comunicaci\u00f3n Estrat\u00e9gica para el Desarrollo Local (CEDEL), una iniciativa de la Fundaci\u00f3n Pro Human\u00e6 Vitae . <\/p>\n\n\n\n<p>Apuntamos a potenciar la comunicaci\u00f3n de las instituciones comprometidas con el desarrollo local, inclusivo y sostenible.<\/p>\n\n\n\n<p>\u00a0<a href=\"https:\/\/www.instagram.com\/explore\/tags\/cedel\/\">#CEDEL<\/a><a href=\"https:\/\/www.instagram.com\/explore\/tags\/comunicaci%C3%B3nestrat%C3%A9gica\/\"> <\/a><a href=\"https:\/\/www.instagram.com\/explore\/tags\/comunicaci%C3%B3nestrat%C3%A9gica\/\">#Comunicaci\u00f3nEstrat\u00e9gica<\/a><a href=\"https:\/\/www.instagram.com\/explore\/tags\/desarrollolocal\/\"> <\/a><a href=\"https:\/\/www.instagram.com\/explore\/tags\/desarrollolocal\/\">#DesarrolloLocal<\/a><a href=\"https:\/\/www.instagram.com\/explore\/tags\/fphv\/\"> <\/a><a href=\"https:\/\/www.instagram.com\/explore\/tags\/fphv\/\">#FPHV<\/a><a href=\"https:\/\/www.instagram.com\/explore\/tags\/laplata\/\"> <\/a><a href=\"https:\/\/www.instagram.com\/explore\/tags\/laplata\/\">#laplata<\/a><\/p>\n","protected":false},"excerpt":{"rendered":"<p>Somos una Agencia de Comunicaci\u00f3n Estrat\u00e9gica para el Desarrollo Local (CEDEL), una iniciativa de la Fundaci\u00f3n Pro Human\u00e6 Vitae . Apuntamos a potenciar la comunicaci\u00f3n de las instituciones comprometidas con el desarrollo local, inclusivo y sostenible. \u00a0#CEDEL #Comunicaci\u00f3nEstrat\u00e9gica #DesarrolloLocal #FPHV #laplata<\/p>\n","protected":false},"author":2,"featured_media":312,"comment_status":"open","ping_status":"open","sticky":false,"template":"","format":"standard","meta":{"footnotes":""},"categories":[2],"tags":[],"class_list":["post-311","post","type-post","status-publish","format-standard","has-post-thumbnail","hentry","category-prensa"],"_links":{"self":[{"href":"https:\/\/fphv.org\/index.php?rest_route=\/wp\/v2\/posts\/311","targetHints":{"allow":["GET"]}}],"collection":[{"href":"https:\/\/fphv.org\/index.php?rest_route=\/wp\/v2\/posts"}],"about":[{"href":"https:\/\/fphv.org\/index.php?rest_route=\/wp\/v2\/types\/post"}],"author":[{"embeddable":true,"href":"https:\/\/fphv.org\/index.php?rest_route=\/wp\/v2\/users\/2"}],"replies":[{"embeddable":true,"href":"https:\/\/fphv.org\/index.php?rest_route=%2Fwp%2Fv2%2Fcomments&post=311"}],"version-history":[{"count":0,"href":"https:\/\/fphv.org\/index.php?rest_route=\/wp\/v2\/posts\/311\/revisions"}],"wp:featuredmedia":[{"embeddable":true,"href":"https:\/\/fphv.org\/index.php?rest_route=\/wp\/v2\/media\/312"}],"wp:attachment":[{"href":"https:\/\/fphv.org\/index.php?rest_route=%2Fwp%2Fv2%2Fmedia&parent=311"}],"wp:term":[{"taxonomy":"category","embeddable":true,"href":"https:\/\/fphv.org\/index.php?rest_route=%2Fwp%2Fv2%2Fcategories&post=311"},{"taxonomy":"post_tag","embeddable":true,"href":"https:\/\/fphv.org\/index.php?rest_route=%2Fwp%2Fv2%2Ftags&post=311"}],"curies":[{"name":"wp","href":"https:\/\/api.w.org\/{rel}","templated":true}]}}