{"id":309,"date":"2023-10-26T18:00:00","date_gmt":"2023-10-26T21:00:00","guid":{"rendered":"https:\/\/fphv.org\/?p=1845"},"modified":"2023-10-26T18:00:00","modified_gmt":"2023-10-26T21:00:00","slug":"charla-del-ministerio-de-medioambiente-de-dinamarca","status":"publish","type":"post","link":"https:\/\/fphv.org\/?p=309","title":{"rendered":"Charla del Ministerio de medioambiente de Dinamarca"},"content":{"rendered":"\n<p>Este 26 de octubre, Valentina Ya\u00f1ez, miembro del Instituto de Asuntos Transnacionales de la Fundaci\u00f3n Pro Humanae Vitae particip\u00f3 de la charla brindada por el Ministerio de medioambiente de Dinamarca, donde se trat\u00f3 la cuesti\u00f3n de como abordar la contaminaci\u00f3n pl\u00e1stica existente.<\/p>\n\n\n\n<p>Desde FPHV creemos que para lograr mejorar y cuidar el medio ambiente en el que convivimos, es necesario un trabajo coordinado entre el gobierno en todos sus niveles, la sociedad civil en conjunto y el sistema internacional.<\/p>\n","protected":false},"excerpt":{"rendered":"<p>Este 26 de octubre, Valentina Ya\u00f1ez, miembro del Instituto de Asuntos Transnacionales de la Fundaci\u00f3n Pro Humanae Vitae particip\u00f3 de la charla brindada por el Ministerio de medioambiente de Dinamarca, donde se trat\u00f3 la cuesti\u00f3n de como abordar la contaminaci\u00f3n pl\u00e1stica existente. Desde FPHV creemos que para lograr mejorar y cuidar el medio ambiente en [&hellip;]<\/p>\n","protected":false},"author":2,"featured_media":310,"comment_status":"open","ping_status":"open","sticky":false,"template":"","format":"standard","meta":{"footnotes":""},"categories":[2],"tags":[],"class_list":["post-309","post","type-post","status-publish","format-standard","has-post-thumbnail","hentry","category-prensa"],"_links":{"self":[{"href":"https:\/\/fphv.org\/index.php?rest_route=\/wp\/v2\/posts\/309","targetHints":{"allow":["GET"]}}],"collection":[{"href":"https:\/\/fphv.org\/index.php?rest_route=\/wp\/v2\/posts"}],"about":[{"href":"https:\/\/fphv.org\/index.php?rest_route=\/wp\/v2\/types\/post"}],"author":[{"embeddable":true,"href":"https:\/\/fphv.org\/index.php?rest_route=\/wp\/v2\/users\/2"}],"replies":[{"embeddable":true,"href":"https:\/\/fphv.org\/index.php?rest_route=%2Fwp%2Fv2%2Fcomments&post=309"}],"version-history":[{"count":0,"href":"https:\/\/fphv.org\/index.php?rest_route=\/wp\/v2\/posts\/309\/revisions"}],"wp:featuredmedia":[{"embeddable":true,"href":"https:\/\/fphv.org\/index.php?rest_route=\/wp\/v2\/media\/310"}],"wp:attachment":[{"href":"https:\/\/fphv.org\/index.php?rest_route=%2Fwp%2Fv2%2Fmedia&parent=309"}],"wp:term":[{"taxonomy":"category","embeddable":true,"href":"https:\/\/fphv.org\/index.php?rest_route=%2Fwp%2Fv2%2Fcategories&post=309"},{"taxonomy":"post_tag","embeddable":true,"href":"https:\/\/fphv.org\/index.php?rest_route=%2Fwp%2Fv2%2Ftags&post=309"}],"curies":[{"name":"wp","href":"https:\/\/api.w.org\/{rel}","templated":true}]}}