{"id":306,"date":"2023-10-31T19:00:00","date_gmt":"2023-10-31T22:00:00","guid":{"rendered":"https:\/\/fphv.org\/?p=1848"},"modified":"2023-10-31T19:00:00","modified_gmt":"2023-10-31T22:00:00","slug":"28-anos-trabajando-por-el-bien-comun","status":"publish","type":"post","link":"https:\/\/fphv.org\/?p=306","title":{"rendered":"\u00a128 A\u00d1OS TRABAJANDO POR EL BIEN COM\u00daN!"},"content":{"rendered":"\n<p>Hoy celebramos el aniversario n\u00famero 28 de la Fundaci\u00f3n Pro Humanae Vitae, 28 a\u00f1os dedicados a brindar accesos y oportunidades para el desarrollo integral de las personas.<\/p>\n","protected":false},"excerpt":{"rendered":"<p>Hoy celebramos el aniversario n\u00famero 28 de la Fundaci\u00f3n Pro Humanae Vitae, 28 a\u00f1os dedicados a brindar accesos y oportunidades para el desarrollo integral de las personas.<\/p>\n","protected":false},"author":2,"featured_media":308,"comment_status":"open","ping_status":"open","sticky":false,"template":"","format":"standard","meta":{"footnotes":""},"categories":[2],"tags":[],"class_list":["post-306","post","type-post","status-publish","format-standard","has-post-thumbnail","hentry","category-prensa"],"_links":{"self":[{"href":"https:\/\/fphv.org\/index.php?rest_route=\/wp\/v2\/posts\/306","targetHints":{"allow":["GET"]}}],"collection":[{"href":"https:\/\/fphv.org\/index.php?rest_route=\/wp\/v2\/posts"}],"about":[{"href":"https:\/\/fphv.org\/index.php?rest_route=\/wp\/v2\/types\/post"}],"author":[{"embeddable":true,"href":"https:\/\/fphv.org\/index.php?rest_route=\/wp\/v2\/users\/2"}],"replies":[{"embeddable":true,"href":"https:\/\/fphv.org\/index.php?rest_route=%2Fwp%2Fv2%2Fcomments&post=306"}],"version-history":[{"count":0,"href":"https:\/\/fphv.org\/index.php?rest_route=\/wp\/v2\/posts\/306\/revisions"}],"wp:featuredmedia":[{"embeddable":true,"href":"https:\/\/fphv.org\/index.php?rest_route=\/wp\/v2\/media\/308"}],"wp:attachment":[{"href":"https:\/\/fphv.org\/index.php?rest_route=%2Fwp%2Fv2%2Fmedia&parent=306"}],"wp:term":[{"taxonomy":"category","embeddable":true,"href":"https:\/\/fphv.org\/index.php?rest_route=%2Fwp%2Fv2%2Fcategories&post=306"},{"taxonomy":"post_tag","embeddable":true,"href":"https:\/\/fphv.org\/index.php?rest_route=%2Fwp%2Fv2%2Ftags&post=306"}],"curies":[{"name":"wp","href":"https:\/\/api.w.org\/{rel}","templated":true}]}}