{"id":298,"date":"2023-11-11T09:00:00","date_gmt":"2023-11-11T12:00:00","guid":{"rendered":"https:\/\/fphv.org\/?p=1871"},"modified":"2023-11-11T09:00:00","modified_gmt":"2023-11-11T12:00:00","slug":"ecos-en-medios-nacionales-de-la-alarma-anti-mechera","status":"publish","type":"post","link":"https:\/\/fphv.org\/?p=298","title":{"rendered":"Ecos en medios nacionales de la alarma anti-mechera"},"content":{"rendered":"\n<p>Compartimos con ustedes una nota que sali\u00f3 este viernes en Telefe Noticias, en horario central, acerca de la nueva estrategia de alarma anti-mecheras impulsada por las c\u00e1maras de la Asociaci\u00f3n Amigos de Calle 12, la C\u00e1mara Comercial del Centro Platense, la C\u00e1mara de Comercio e Industria de City Bell, la C\u00e1mara La Plata Oeste y los Comerciantes de Diagonal 80, todos pertenecientes al Instituto de Formaci\u00f3n y Promoci\u00f3n del Comercio de la Fundaci\u00f3n Pro Humanae Vitaede. Esta iniciativa se presenta como una herramienta m\u00e1s para impulsar la uni\u00f3n de los comerciantes, trabajar conjuntamente para potenciar los centros comerciales y ampliar la prevenci\u00f3n del delito.<\/p>\n","protected":false},"excerpt":{"rendered":"<p>Compartimos con ustedes una nota que sali\u00f3 este viernes en Telefe Noticias, en horario central, acerca de la nueva estrategia de alarma anti-mecheras impulsada por las c\u00e1maras de la Asociaci\u00f3n Amigos de Calle 12, la C\u00e1mara Comercial del Centro Platense, la C\u00e1mara de Comercio e Industria de City Bell, la C\u00e1mara La Plata Oeste y [&hellip;]<\/p>\n","protected":false},"author":2,"featured_media":299,"comment_status":"open","ping_status":"open","sticky":false,"template":"","format":"standard","meta":{"footnotes":""},"categories":[2],"tags":[],"class_list":["post-298","post","type-post","status-publish","format-standard","has-post-thumbnail","hentry","category-prensa"],"_links":{"self":[{"href":"https:\/\/fphv.org\/index.php?rest_route=\/wp\/v2\/posts\/298","targetHints":{"allow":["GET"]}}],"collection":[{"href":"https:\/\/fphv.org\/index.php?rest_route=\/wp\/v2\/posts"}],"about":[{"href":"https:\/\/fphv.org\/index.php?rest_route=\/wp\/v2\/types\/post"}],"author":[{"embeddable":true,"href":"https:\/\/fphv.org\/index.php?rest_route=\/wp\/v2\/users\/2"}],"replies":[{"embeddable":true,"href":"https:\/\/fphv.org\/index.php?rest_route=%2Fwp%2Fv2%2Fcomments&post=298"}],"version-history":[{"count":0,"href":"https:\/\/fphv.org\/index.php?rest_route=\/wp\/v2\/posts\/298\/revisions"}],"wp:featuredmedia":[{"embeddable":true,"href":"https:\/\/fphv.org\/index.php?rest_route=\/wp\/v2\/media\/299"}],"wp:attachment":[{"href":"https:\/\/fphv.org\/index.php?rest_route=%2Fwp%2Fv2%2Fmedia&parent=298"}],"wp:term":[{"taxonomy":"category","embeddable":true,"href":"https:\/\/fphv.org\/index.php?rest_route=%2Fwp%2Fv2%2Fcategories&post=298"},{"taxonomy":"post_tag","embeddable":true,"href":"https:\/\/fphv.org\/index.php?rest_route=%2Fwp%2Fv2%2Ftags&post=298"}],"curies":[{"name":"wp","href":"https:\/\/api.w.org\/{rel}","templated":true}]}}