{"id":292,"date":"2023-11-15T09:30:00","date_gmt":"2023-11-15T12:30:00","guid":{"rendered":"https:\/\/fphv.org\/?p=1877"},"modified":"2023-11-15T09:30:00","modified_gmt":"2023-11-15T12:30:00","slug":"prevencion-y-atencion-a-la-violencia-basada-en-genero-en-la-gestion-empresarial","status":"publish","type":"post","link":"https:\/\/fphv.org\/?p=292","title":{"rendered":"Prevenci\u00f3n y atenci\u00f3n a la violencia basada en g\u00e9nero en la gesti\u00f3n empresarial."},"content":{"rendered":"\n<p>Este mi\u00e9rcoles 15 de noviembre, nuestra Directora del Instituto de la Mujer, Natalia Raciti, y la Gestora de Proyectos de Cooperaci\u00f3n Nacional e Internacional, del Instituto de Asuntos Transnacionales, Valentina Ya\u00f1ez, participaron de la charla Prevenci\u00f3n y atenci\u00f3n a la violencia basada en g\u00e9nero en la gesti\u00f3n empresarial, brindada por ONU Mujeres.<br>Se abord\u00f3 la tem\u00e1tica de la violencia contra las mujeres y las ni\u00f1as, y como esto afecta la paz y la estabilidad en las familias y las comunidades. Genera innumerables costos para las sociedades en materia del cuidado de la salud, la educaci\u00f3n, la protecci\u00f3n social, la justicia y la productividad, lo que impide que las econom\u00edas alcancen su m\u00e1ximo potencial.<\/p>\n\n\n\n<p>Desde FPHV creemos que la soluci\u00f3n radica en respuestas s\u00f3lidas que incluyan invertir en la prevenci\u00f3n de estos actos. Tarea que demanda el compromiso tanto del Estado, como de la Sociedad Civil.<\/p>\n","protected":false},"excerpt":{"rendered":"<p>Este mi\u00e9rcoles 15 de noviembre, nuestra Directora del Instituto de la Mujer, Natalia Raciti, y la Gestora de Proyectos de Cooperaci\u00f3n Nacional e Internacional, del Instituto de Asuntos Transnacionales, Valentina Ya\u00f1ez, participaron de la charla Prevenci\u00f3n y atenci\u00f3n a la violencia basada en g\u00e9nero en la gesti\u00f3n empresarial, brindada por ONU Mujeres.Se abord\u00f3 la tem\u00e1tica [&hellip;]<\/p>\n","protected":false},"author":2,"featured_media":293,"comment_status":"open","ping_status":"open","sticky":false,"template":"","format":"standard","meta":{"footnotes":""},"categories":[2],"tags":[],"class_list":["post-292","post","type-post","status-publish","format-standard","has-post-thumbnail","hentry","category-prensa"],"_links":{"self":[{"href":"https:\/\/fphv.org\/index.php?rest_route=\/wp\/v2\/posts\/292","targetHints":{"allow":["GET"]}}],"collection":[{"href":"https:\/\/fphv.org\/index.php?rest_route=\/wp\/v2\/posts"}],"about":[{"href":"https:\/\/fphv.org\/index.php?rest_route=\/wp\/v2\/types\/post"}],"author":[{"embeddable":true,"href":"https:\/\/fphv.org\/index.php?rest_route=\/wp\/v2\/users\/2"}],"replies":[{"embeddable":true,"href":"https:\/\/fphv.org\/index.php?rest_route=%2Fwp%2Fv2%2Fcomments&post=292"}],"version-history":[{"count":0,"href":"https:\/\/fphv.org\/index.php?rest_route=\/wp\/v2\/posts\/292\/revisions"}],"wp:featuredmedia":[{"embeddable":true,"href":"https:\/\/fphv.org\/index.php?rest_route=\/wp\/v2\/media\/293"}],"wp:attachment":[{"href":"https:\/\/fphv.org\/index.php?rest_route=%2Fwp%2Fv2%2Fmedia&parent=292"}],"wp:term":[{"taxonomy":"category","embeddable":true,"href":"https:\/\/fphv.org\/index.php?rest_route=%2Fwp%2Fv2%2Fcategories&post=292"},{"taxonomy":"post_tag","embeddable":true,"href":"https:\/\/fphv.org\/index.php?rest_route=%2Fwp%2Fv2%2Ftags&post=292"}],"curies":[{"name":"wp","href":"https:\/\/api.w.org\/{rel}","templated":true}]}}