{"id":289,"date":"2023-11-17T21:30:00","date_gmt":"2023-11-18T00:30:00","guid":{"rendered":"https:\/\/fphv.org\/?p=1885"},"modified":"2023-11-17T21:30:00","modified_gmt":"2023-11-18T00:30:00","slug":"cena-del-directorio-de-responsabilidad-social-corporativa","status":"publish","type":"post","link":"https:\/\/fphv.org\/?p=289","title":{"rendered":"Cena del directorio de Responsabilidad Social Corporativa"},"content":{"rendered":"\n<p>Este mi\u00e9rcoles 17 de noviembre, la Fundaci\u00f3n Pro Humanae Vitae llev\u00f3 adelante la \u00faltima cena formal del Instituto de Responsabilidad Social Corporativa de la FPHV conjuntamente con el Instituto de Formaci\u00f3n y Promoci\u00f3n del Comercio.<br>La cena tuvo por objetivo preparar la planificaci\u00f3n del a\u00f1o 2024, compartido an\u00e1lisis, proyectos y un momento de buena camarader\u00eda entre empresarios, comerciantes y dirigentes de la gremial empresaria.<br>En esta reuni\u00f3n se design\u00f3 a\u00a0<a href=\"https:\/\/www.instagram.com\/gustavor.navarro\/\">@gustavor.navarro<\/a>\u00a0como Director de Desarollo de Fondos de la FPHV.<\/p>\n","protected":false},"excerpt":{"rendered":"<p>Este mi\u00e9rcoles 17 de noviembre, la Fundaci\u00f3n Pro Humanae Vitae llev\u00f3 adelante la \u00faltima cena formal del Instituto de Responsabilidad Social Corporativa de la FPHV conjuntamente con el Instituto de Formaci\u00f3n y Promoci\u00f3n del Comercio.La cena tuvo por objetivo preparar la planificaci\u00f3n del a\u00f1o 2024, compartido an\u00e1lisis, proyectos y un momento de buena camarader\u00eda entre [&hellip;]<\/p>\n","protected":false},"author":2,"featured_media":290,"comment_status":"open","ping_status":"open","sticky":false,"template":"","format":"standard","meta":{"footnotes":""},"categories":[2],"tags":[],"class_list":["post-289","post","type-post","status-publish","format-standard","has-post-thumbnail","hentry","category-prensa"],"_links":{"self":[{"href":"https:\/\/fphv.org\/index.php?rest_route=\/wp\/v2\/posts\/289","targetHints":{"allow":["GET"]}}],"collection":[{"href":"https:\/\/fphv.org\/index.php?rest_route=\/wp\/v2\/posts"}],"about":[{"href":"https:\/\/fphv.org\/index.php?rest_route=\/wp\/v2\/types\/post"}],"author":[{"embeddable":true,"href":"https:\/\/fphv.org\/index.php?rest_route=\/wp\/v2\/users\/2"}],"replies":[{"embeddable":true,"href":"https:\/\/fphv.org\/index.php?rest_route=%2Fwp%2Fv2%2Fcomments&post=289"}],"version-history":[{"count":0,"href":"https:\/\/fphv.org\/index.php?rest_route=\/wp\/v2\/posts\/289\/revisions"}],"wp:featuredmedia":[{"embeddable":true,"href":"https:\/\/fphv.org\/index.php?rest_route=\/wp\/v2\/media\/290"}],"wp:attachment":[{"href":"https:\/\/fphv.org\/index.php?rest_route=%2Fwp%2Fv2%2Fmedia&parent=289"}],"wp:term":[{"taxonomy":"category","embeddable":true,"href":"https:\/\/fphv.org\/index.php?rest_route=%2Fwp%2Fv2%2Fcategories&post=289"},{"taxonomy":"post_tag","embeddable":true,"href":"https:\/\/fphv.org\/index.php?rest_route=%2Fwp%2Fv2%2Ftags&post=289"}],"curies":[{"name":"wp","href":"https:\/\/api.w.org\/{rel}","templated":true}]}}