{"id":280,"date":"2023-11-22T00:00:00","date_gmt":"2023-11-22T03:00:00","guid":{"rendered":"https:\/\/fphv.org\/?p=1914"},"modified":"2023-11-22T00:00:00","modified_gmt":"2023-11-22T03:00:00","slug":"comienza-el-ciclo-de-reuniones-informativas-sobre-los-derechos-de-los-adultos-mayores","status":"publish","type":"post","link":"https:\/\/fphv.org\/?p=280","title":{"rendered":"Comienza el ciclo de reuniones informativas sobre los derechos de los adultos mayores."},"content":{"rendered":"\n<p>Desde el Instituto de la Nueva Edad de la Fundaci\u00f3n Pro Humanae Vitae te invitamos este viernes 24 de noviembre a las 15.00 hs al inicio del ciclo de reuniones informativas de adultos mayores. El encuentro tendr\u00e1 lugar en la sede del Centro Recreativo Vecinal El Campito Nro. 5, ubicada en la calle 31 entre 49 y 50, de La Plata.<br>En este ciclo, se tratar\u00e1 la importancia acerca de los derechos que tienen estas personas de ser tratados con dignidad y respeto en las instituciones que brindan servicios p\u00fablicos, bancarios, de salud, reparticiones estatales, etc.<br>Esta actividad integra el programa dise\u00f1ado por el INE con el objeto de poner a disposici\u00f3n de las personas mayores afectadas los instrumentos disponibles para hacer frente al destrato que frecuentemente sufren en esos \u00e1mbitos de atenci\u00f3n al p\u00fablico.<br>A los efectos de organizar el desarrollo de la reuni\u00f3n, los integrantes del INE mantuvieron un encuentro con las autoridades del Centro Recreativo, oportunidad en la que pusieron de relieve, entre otros aspectos, la importancia del acuerdo alcanzado por el Instituto con la Defensor\u00eda Ciudadana de La Plata, a partir del cual se ha habilitado un servicio especial de atenci\u00f3n a los adultos mayores v\u00edctimas de maltrato en los \u00e1mbitos antes aludidos.<br>El INE puso de resalto que la cuesti\u00f3n ha sido tomada por los organismos internacionales, como la ONU y la OMS, al punto que este per\u00edodo ha sido calificado como \u201cla d\u00e9cada del envejecimiento saludable\u201d; asimismo, se destac\u00f3 que la Rep\u00fablica Argentina es miembro de la Convenci\u00f3n Interamericana sobre la protecci\u00f3n de los Derechos Humanos de las Personas Mayores. Se se\u00f1al\u00f3 en consecuencia, que todo ese andamiaje debe ser utilizado para proteger el bienestar de los adultos mayores.<\/p>\n","protected":false},"excerpt":{"rendered":"<p>Desde el Instituto de la Nueva Edad de la Fundaci\u00f3n Pro Humanae Vitae te invitamos este viernes 24 de noviembre a las 15.00 hs al inicio del ciclo de reuniones informativas de adultos mayores. El encuentro tendr\u00e1 lugar en la sede del Centro Recreativo Vecinal El Campito Nro. 5, ubicada en la calle 31 entre [&hellip;]<\/p>\n","protected":false},"author":2,"featured_media":281,"comment_status":"open","ping_status":"open","sticky":false,"template":"","format":"standard","meta":{"footnotes":""},"categories":[2],"tags":[],"class_list":["post-280","post","type-post","status-publish","format-standard","has-post-thumbnail","hentry","category-prensa"],"_links":{"self":[{"href":"https:\/\/fphv.org\/index.php?rest_route=\/wp\/v2\/posts\/280","targetHints":{"allow":["GET"]}}],"collection":[{"href":"https:\/\/fphv.org\/index.php?rest_route=\/wp\/v2\/posts"}],"about":[{"href":"https:\/\/fphv.org\/index.php?rest_route=\/wp\/v2\/types\/post"}],"author":[{"embeddable":true,"href":"https:\/\/fphv.org\/index.php?rest_route=\/wp\/v2\/users\/2"}],"replies":[{"embeddable":true,"href":"https:\/\/fphv.org\/index.php?rest_route=%2Fwp%2Fv2%2Fcomments&post=280"}],"version-history":[{"count":0,"href":"https:\/\/fphv.org\/index.php?rest_route=\/wp\/v2\/posts\/280\/revisions"}],"wp:featuredmedia":[{"embeddable":true,"href":"https:\/\/fphv.org\/index.php?rest_route=\/wp\/v2\/media\/281"}],"wp:attachment":[{"href":"https:\/\/fphv.org\/index.php?rest_route=%2Fwp%2Fv2%2Fmedia&parent=280"}],"wp:term":[{"taxonomy":"category","embeddable":true,"href":"https:\/\/fphv.org\/index.php?rest_route=%2Fwp%2Fv2%2Fcategories&post=280"},{"taxonomy":"post_tag","embeddable":true,"href":"https:\/\/fphv.org\/index.php?rest_route=%2Fwp%2Fv2%2Ftags&post=280"}],"curies":[{"name":"wp","href":"https:\/\/api.w.org\/{rel}","templated":true}]}}